{"id":68579,"date":"2017-06-02T08:56:56","date_gmt":"2017-06-02T11:56:56","guid":{"rendered":"http:\/\/www.elsindical.com.ar\/notas\/?p=68579"},"modified":"2017-06-02T08:56:56","modified_gmt":"2017-06-02T11:56:56","slug":"lomas-de-zamora-trabajadores-del-creu-denuncian-traslados-compulsivos","status":"publish","type":"post","link":"https:\/\/www.elsindical.com.ar\/notas\/lomas-de-zamora-trabajadores-del-creu-denuncian-traslados-compulsivos\/","title":{"rendered":"Lomas de Zamora: Trabajadores del CREU denuncian \u00abtraslados compulsivos\u00bb"},"content":{"rendered":"<p><em><a href=\"http:\/\/www.elsindical.com.ar\/notas\/var\/www\/html\/notas\/wp-content\/uploads\/2016\/03\/Centro-de-Recepci\u00f3n-Penal-Lomas.jpg\"><img loading=\"lazy\" decoding=\"async\" class=\"alignnone size-medium wp-image-58017\" src=\"http:\/\/www.elsindical.com.ar\/notas\/var\/www\/html\/notas\/wp-content\/uploads\/2016\/03\/Centro-de-Recepci\u00f3n-Penal-Lomas-300x180.jpg\" alt=\"\" width=\"300\" height=\"180\" srcset=\"https:\/\/www.elsindical.com.ar\/notas\/var\/www\/html\/notas\/wp-content\/uploads\/2016\/03\/Centro-de-Recepci\u00f3n-Penal-Lomas-300x180.jpg 300w, https:\/\/www.elsindical.com.ar\/notas\/var\/www\/html\/notas\/wp-content\/uploads\/2016\/03\/Centro-de-Recepci\u00f3n-Penal-Lomas-500x300.jpg 500w, https:\/\/www.elsindical.com.ar\/notas\/var\/www\/html\/notas\/wp-content\/uploads\/2016\/03\/Centro-de-Recepci\u00f3n-Penal-Lomas.jpg 620w\" sizes=\"auto, (max-width: 300px) 100vw, 300px\" \/><\/a>\u00a0\u00a0 Los trabajadores del Centro de Recepci\u00f3n Evaluaci\u00f3n y Ubicaci\u00f3n (CREU) de Menores que se encuentra Lomas de Zamora realizaron este jueves una actividad gremial en las instalaciones ubicadas en Larroque y 12 de Octubre. La misma se realiz\u00f3 con el fin de tratar distintos temas que vienen afectando al CREU desde el verano, como el traslado compulsivo de los trabajadores que all\u00ed desempe\u00f1aban sus actividades y la \u201cmilitarizaci\u00f3n\u201d del personal.<\/em><\/p>\n<p>En el CREU son alojados, menores de edad que cometen alg\u00fan tipo de delito, Alejandro Fern\u00e1ndez, delegado gremial en el CREU de Lomas de Zamora, indic\u00f3 que la Asamblea General de la Ni\u00f1ez que se llev\u00f3 a cabo, cont\u00f3 con la presencia de profesiones de otros centros de menores de la provincia, y con la de los trabajadores que, a pesar de las luchas que se llevaron a cabo en verano, fueron trasladados de Lomas de Zamora hacia otras zonas de la regi\u00f3n. Adem\u00e1s, afirm\u00f3 que la asamblea pas\u00f3 a ser \u201cpol\u00edtica\u201d desde el momento que la polic\u00eda se congreg\u00f3 en la puerta del centro para impedir el ingreso de los trabajadores que ya no trabajan all\u00ed.<\/p>\n<p>Fern\u00e1ndez relat\u00f3 al portal que en la asamblea se debati\u00f3 sobre c\u00f3mo se \u201crompi\u00f3 la organizaci\u00f3n del CREU atacando al sindicato ATE Sur y a quienes atacamos al sistema\u201d que maneja el centro. \u201cEst\u00e1n atacando a todas las organizaciones de contenci\u00f3n\u201d afirm\u00f3 Fern\u00e1ndez, y pidi\u00f3 que se tenga en cuenta a los menores como \u201csujetos de derecho\u201d.<\/p>\n<p>En cuanto al pedido de reincorporaci\u00f3n de los trabajadores trasladados, Fern\u00e1ndez asegur\u00f3 que el mismo ayudar\u00eda a una mejor atenci\u00f3n y contenci\u00f3n de los menores. Al d\u00eda de hoy, s\u00f3lo cuentan con cinco profesionales para veintiocho chicos que se encuentran en el lugar. A pesar de que el n\u00famero de profesionales, indic\u00f3 Fern\u00e1ndez, es mayor al de otros centros de la provincia, \u201clos chicos necesitan atenci\u00f3n personalizada\u201d.<\/p>\n<p>\u201cLos traslados fueron compulsivos\u201d relat\u00f3 Fern\u00e1ndez al portal. \u201cTuvimos dos meses de resistencia a pesar de las amenazas de la secretar\u00eda\u201d record\u00f3 el delegado en relaci\u00f3n a las medidas de fuerza que se llevaron a cabo durante el \u00faltimo verano para evitar los traslados. \u201cQueremos la reincorporaci\u00f3n de los compa\u00f1eros a Lomas, mejoras en las comidas y en los comedores, aumentos de sueldos y paritarias\u201d recalc\u00f3, e indic\u00f3 que el 13 de junio se realizar\u00e1 una movilizaci\u00f3n al Organismo Provincial de Ni\u00f1ez en La Plata.<\/p>\n<p>Fern\u00e1ndez adem\u00e1s sum\u00f3 que si bien el n\u00famero de asistentes sociales que trabajan con los j\u00f3venes es poco y se dificulta la tarea, la misma \u201cse hace igual\u201d, y que valoran que los chicos \u201cayuden y colaboren\u201d d\u00eda a d\u00eda.<\/p>\n<p>En dicha l\u00ednea, Fern\u00e1ndez sentenci\u00f3 que \u201cse quiere carcelizar las instituciones de menores\u201d y que, en Lomas de Zamora, \u201cse est\u00e1n militarizando las entradas para controlar a los trabajadores\u201d. Seg\u00fan su relato, se est\u00e1n \u201cmetiendo polic\u00edas y sacando personal civil\u201d, queriendo hacer actividades que s\u00f3lo realizan los trabajadores sociales. \u201cNo dejamos que intervengan porque no lograron derribar la organizaci\u00f3n que tenemos, s\u00f3lo la golpearon. Intentaron entrar (polic\u00edas) pero lo denunciamos\u201d indic\u00f3, y denunci\u00f3 que \u201ctodo este avasallamiento est\u00e1 avalado por la secretar\u00eda del lugar para mirar para adentro, a los trabajadores\u201d.<\/p>\n<p>Por otro lado, relat\u00f3 que hoy, la situaci\u00f3n en el CREU es menos violenta internamente que en otras \u00e9pocas, gracias al trabajo que los profesionales llevan a cabo con los menores. \u201cNo hay violencia entre los j\u00f3venes en Lomas por los talleres, di\u00e1logos y charlas que tenemos con ellos. Pudimos cambiar el eje de la violencia que hab\u00eda\u201d afirm\u00f3.<\/p>\n","protected":false},"excerpt":{"rendered":"<p>\u00a0\u00a0 Los trabajadores del Centro de Recepci\u00f3n Evaluaci\u00f3n y Ubicaci\u00f3n (CREU) de Menores que se encuentra Lomas de Zamora realizaron este jueves una actividad gremial en las instalaciones ubicadas en Larroque y 12 de Octubre. La misma se realiz\u00f3 con el fin de tratar distintos temas que vienen afectando al CREU desde el verano, como&hellip;<\/p>\n","protected":false},"author":1,"featured_media":0,"comment_status":"open","ping_status":"open","sticky":false,"template":"","format":"standard","meta":{"footnotes":""},"categories":[16],"tags":[26095,25287,523,22020,744,7081],"class_list":["post-68579","post","type-post","status-publish","format-standard","hentry","category-gremiales","tag-alejandro-fernandez","tag-creu","tag-delegado","tag-denuncias","tag-lomas-de-zamora","tag-traslados"],"_links":{"self":[{"href":"https:\/\/www.elsindical.com.ar\/notas\/wp-json\/wp\/v2\/posts\/68579","targetHints":{"allow":["GET"]}}],"collection":[{"href":"https:\/\/www.elsindical.com.ar\/notas\/wp-json\/wp\/v2\/posts"}],"about":[{"href":"https:\/\/www.elsindical.com.ar\/notas\/wp-json\/wp\/v2\/types\/post"}],"author":[{"embeddable":true,"href":"https:\/\/www.elsindical.com.ar\/notas\/wp-json\/wp\/v2\/users\/1"}],"replies":[{"embeddable":true,"href":"https:\/\/www.elsindical.com.ar\/notas\/wp-json\/wp\/v2\/comments?post=68579"}],"version-history":[{"count":1,"href":"https:\/\/www.elsindical.com.ar\/notas\/wp-json\/wp\/v2\/posts\/68579\/revisions"}],"predecessor-version":[{"id":68580,"href":"https:\/\/www.elsindical.com.ar\/notas\/wp-json\/wp\/v2\/posts\/68579\/revisions\/68580"}],"wp:attachment":[{"href":"https:\/\/www.elsindical.com.ar\/notas\/wp-json\/wp\/v2\/media?parent=68579"}],"wp:term":[{"taxonomy":"category","embeddable":true,"href":"https:\/\/www.elsindical.com.ar\/notas\/wp-json\/wp\/v2\/categories?post=68579"},{"taxonomy":"post_tag","embeddable":true,"href":"https:\/\/www.elsindical.com.ar\/notas\/wp-json\/wp\/v2\/tags?post=68579"}],"curies":[{"name":"wp","href":"https:\/\/api.w.org\/{rel}","templated":true}]}}