{"id":68566,"date":"2017-06-02T07:14:09","date_gmt":"2017-06-02T10:14:09","guid":{"rendered":"http:\/\/www.elsindical.com.ar\/notas\/?p=68566"},"modified":"2017-06-02T07:14:09","modified_gmt":"2017-06-02T10:14:09","slug":"dia-del-perro-en-honor-a-chonino","status":"publish","type":"post","link":"https:\/\/www.elsindical.com.ar\/notas\/dia-del-perro-en-honor-a-chonino\/","title":{"rendered":"D\u00eda del perro en honor a Chonino"},"content":{"rendered":"<p><em>\u00a0<a href=\"http:\/\/www.elsindical.com.ar\/notas\/var\/www\/html\/notas\/wp-content\/uploads\/2017\/06\/Chonino4.jpg\"><img loading=\"lazy\" decoding=\"async\" class=\"alignnone size-medium wp-image-68569\" src=\"http:\/\/www.elsindical.com.ar\/notas\/var\/www\/html\/notas\/wp-content\/uploads\/2017\/06\/Chonino4-300x182.jpg\" alt=\"\" width=\"300\" height=\"182\" srcset=\"https:\/\/www.elsindical.com.ar\/notas\/var\/www\/html\/notas\/wp-content\/uploads\/2017\/06\/Chonino4-300x182.jpg 300w, https:\/\/www.elsindical.com.ar\/notas\/var\/www\/html\/notas\/wp-content\/uploads\/2017\/06\/Chonino4-494x300.jpg 494w, https:\/\/www.elsindical.com.ar\/notas\/var\/www\/html\/notas\/wp-content\/uploads\/2017\/06\/Chonino4.jpg 560w\" sizes=\"auto, (max-width: 300px) 100vw, 300px\" \/><\/a> Chonino fue un perro Ovejero Alem\u00e1n nacido el 4 de abril de 1975 que ingres\u00f3 a la Polic\u00eda Federal Argentina el 15 de diciembre de 1977 tras demostrar las actitudes f\u00edsicas y ps\u00edquicas necesarias para ser perro de Polic\u00eda. Fue adiestrado como perro de seguridad clasificado por su voluntad, esp\u00edritu de lucha y potencia como perro de presa, lo que significa que era un perro que solo pod\u00eda entrar en acci\u00f3n cuando hab\u00eda peligro de vida, tanto para sus conductores como para terceros inocentes.<\/em><\/p>\n<p>Cumpli\u00f3 con \u00e9xito y obediencia todas las funciones asignadas mostrando siempre predisposici\u00f3n, mansedumbre y respeto para con sus entrenadores, cuidadores, y curadores (plantel de m\u00e9dicos veterinarios).<\/p>\n<p><a href=\"http:\/\/www.elsindical.com.ar\/notas\/var\/www\/html\/notas\/wp-content\/uploads\/2017\/06\/Chonino.jpg\"><img loading=\"lazy\" decoding=\"async\" class=\"alignnone size-medium wp-image-68568\" src=\"http:\/\/www.elsindical.com.ar\/notas\/var\/www\/html\/notas\/wp-content\/uploads\/2017\/06\/Chonino-218x300.jpg\" alt=\"\" width=\"218\" height=\"300\" srcset=\"https:\/\/www.elsindical.com.ar\/notas\/var\/www\/html\/notas\/wp-content\/uploads\/2017\/06\/Chonino-218x300.jpg 218w, https:\/\/www.elsindical.com.ar\/notas\/var\/www\/html\/notas\/wp-content\/uploads\/2017\/06\/Chonino.jpg 579w\" sizes=\"auto, (max-width: 218px) 100vw, 218px\" \/><\/a><\/p>\n<p>El 2 de junio de 1983, entre las seis de la tarde y las doce de la noche, se les asign\u00f3 a los Suboficiales Luis Sibert y Jorge Iani patrullar los l\u00edmites de la Avenida Gral. Paz, correspondiente a la jurisdicci\u00f3n de la Comisar\u00eda 45\u00b0, junto a CHONINO.<\/p>\n<p>Alrededor de las ocho de la noche los polic\u00edas patrullaban la zona de la Avenida mencionada y por la calle Lastra observaron a dos hombres forcejeando las puertas de los coches all\u00ed estacionados, repeliendo a los tiros el pedido de identificaci\u00f3n de parte de los uniformados. CHONINO por instinto propio y sin perder el tiempo al ver agredido a su gu\u00eda se lanz\u00f3 al ataque contra uno de los malvivientes logrando desarmarlo, mientras el tiroteo entre polic\u00edas y ladrones continu\u00f3, y el suboficial Iani recibi\u00f3 graves heridas de bala.<\/p>\n<p><a href=\"http:\/\/www.elsindical.com.ar\/notas\/var\/www\/html\/notas\/wp-content\/uploads\/2017\/06\/chonino1.jpg\"><img loading=\"lazy\" decoding=\"async\" class=\"alignnone size-medium wp-image-68567\" src=\"http:\/\/www.elsindical.com.ar\/notas\/var\/www\/html\/notas\/wp-content\/uploads\/2017\/06\/chonino1-300x198.jpg\" alt=\"\" width=\"300\" height=\"198\" srcset=\"https:\/\/www.elsindical.com.ar\/notas\/var\/www\/html\/notas\/wp-content\/uploads\/2017\/06\/chonino1-300x198.jpg 300w, https:\/\/www.elsindical.com.ar\/notas\/var\/www\/html\/notas\/wp-content\/uploads\/2017\/06\/chonino1-455x300.jpg 455w, https:\/\/www.elsindical.com.ar\/notas\/var\/www\/html\/notas\/wp-content\/uploads\/2017\/06\/chonino1.jpg 684w\" sizes=\"auto, (max-width: 300px) 100vw, 300px\" \/><\/a><\/p>\n<p>El delincuente restante termin\u00f3 con la vida de CHONINO, quien estaba compenetrado en la reducci\u00f3n de su compinche. Este noble perro recibi\u00f3 un disparo en el coraz\u00f3n.<\/p>\n<p>Ambos asaltantes escaparon heridos pero CHONINO muri\u00f3 tras arrastrarse junto a su gu\u00eda, portando entre sus fauces un trozo de bolsillo que conten\u00eda en su interior los documentos de identidad de los ladrones. Gracias a esto, el personal policial que acudi\u00f3 en apoyo puedo identificar y detener a los asaltantes.<\/p>\n<p>Hoy CHONINO descansa en el museo del C\u00edrculo de la Polic\u00eda Federal Argentina (Av. San Mart\u00edn 353), junto a otro c\u00e9lebre perro \u201cMONO\u201d, Ovejero Belga, que sirvi\u00f3 en la lucha contra el crimen durante la d\u00e9cada de 1940.<br \/>\nEn el a\u00f1o 1991 por iniciativa de la entonces Municipalidad de la Ciudad de Buenos Aires la arteria que une la calle Casares con Salguero en la Capital Federal se denomina Pasaje CHONINO.<\/p>\n<p>Adem\u00e1s, desde el a\u00f1o 1996 por iniciativa de la periodista y escritora Cora Cane, y por apoyo de los seguidores de su secci\u00f3n en la contratapa del diario Clar\u00edn se celebra todos los \u201c2 DE JUNIO\u201d el D\u00eda Nacional del Perro.<\/p>\n<p><a href=\"http:\/\/www.elsindical.com.ar\/notas\/var\/www\/html\/notas\/wp-content\/uploads\/2017\/06\/Legajo-Chonino.jpg\"><img loading=\"lazy\" decoding=\"async\" class=\"alignnone size-medium wp-image-68570\" src=\"http:\/\/www.elsindical.com.ar\/notas\/var\/www\/html\/notas\/wp-content\/uploads\/2017\/06\/Legajo-Chonino-214x300.jpg\" alt=\"\" width=\"214\" height=\"300\" srcset=\"https:\/\/www.elsindical.com.ar\/notas\/var\/www\/html\/notas\/wp-content\/uploads\/2017\/06\/Legajo-Chonino-214x300.jpg 214w, https:\/\/www.elsindical.com.ar\/notas\/var\/www\/html\/notas\/wp-content\/uploads\/2017\/06\/Legajo-Chonino.jpg 569w\" sizes=\"auto, (max-width: 214px) 100vw, 214px\" \/><\/a><\/p>\n","protected":false},"excerpt":{"rendered":"<p>\u00a0 Chonino fue un perro Ovejero Alem\u00e1n nacido el 4 de abril de 1975 que ingres\u00f3 a la Polic\u00eda Federal Argentina el 15 de diciembre de 1977 tras demostrar las actitudes f\u00edsicas y ps\u00edquicas necesarias para ser perro de Polic\u00eda. Fue adiestrado como perro de seguridad clasificado por su voluntad, esp\u00edritu de lucha y potencia&hellip;<\/p>\n","protected":false},"author":1,"featured_media":0,"comment_status":"open","ping_status":"open","sticky":false,"template":"","format":"standard","meta":{"footnotes":""},"categories":[14],"tags":[26092,26091,502],"class_list":["post-68566","post","type-post","status-publish","format-standard","hentry","category-efemerides","tag-chonino","tag-dia-del-perro","tag-policia-federal-argentina"],"_links":{"self":[{"href":"https:\/\/www.elsindical.com.ar\/notas\/wp-json\/wp\/v2\/posts\/68566","targetHints":{"allow":["GET"]}}],"collection":[{"href":"https:\/\/www.elsindical.com.ar\/notas\/wp-json\/wp\/v2\/posts"}],"about":[{"href":"https:\/\/www.elsindical.com.ar\/notas\/wp-json\/wp\/v2\/types\/post"}],"author":[{"embeddable":true,"href":"https:\/\/www.elsindical.com.ar\/notas\/wp-json\/wp\/v2\/users\/1"}],"replies":[{"embeddable":true,"href":"https:\/\/www.elsindical.com.ar\/notas\/wp-json\/wp\/v2\/comments?post=68566"}],"version-history":[{"count":1,"href":"https:\/\/www.elsindical.com.ar\/notas\/wp-json\/wp\/v2\/posts\/68566\/revisions"}],"predecessor-version":[{"id":68571,"href":"https:\/\/www.elsindical.com.ar\/notas\/wp-json\/wp\/v2\/posts\/68566\/revisions\/68571"}],"wp:attachment":[{"href":"https:\/\/www.elsindical.com.ar\/notas\/wp-json\/wp\/v2\/media?parent=68566"}],"wp:term":[{"taxonomy":"category","embeddable":true,"href":"https:\/\/www.elsindical.com.ar\/notas\/wp-json\/wp\/v2\/categories?post=68566"},{"taxonomy":"post_tag","embeddable":true,"href":"https:\/\/www.elsindical.com.ar\/notas\/wp-json\/wp\/v2\/tags?post=68566"}],"curies":[{"name":"wp","href":"https:\/\/api.w.org\/{rel}","templated":true}]}}