{"id":68534,"date":"2017-05-31T21:09:05","date_gmt":"2017-06-01T00:09:05","guid":{"rendered":"http:\/\/www.elsindical.com.ar\/notas\/?p=68534"},"modified":"2017-05-31T21:09:05","modified_gmt":"2017-06-01T00:09:05","slug":"canning-cayo-avion-de-la-policia-federal-argentina","status":"publish","type":"post","link":"https:\/\/www.elsindical.com.ar\/notas\/canning-cayo-avion-de-la-policia-federal-argentina\/","title":{"rendered":"Canning: Cayo avi\u00f3n de la Polic\u00eda Federal Argentina"},"content":{"rendered":"<p><em>\u00a0<a href=\"http:\/\/www.elsindical.com.ar\/notas\/var\/www\/html\/notas\/wp-content\/uploads\/2017\/05\/avi\u00f3n-PFA-ca\u00eddo-en-Canning-1.jpg\"><img loading=\"lazy\" decoding=\"async\" class=\"alignnone size-medium wp-image-68536\" src=\"http:\/\/www.elsindical.com.ar\/notas\/var\/www\/html\/notas\/wp-content\/uploads\/2017\/05\/avi\u00f3n-PFA-ca\u00eddo-en-Canning-1-300x158.jpg\" alt=\"\" width=\"300\" height=\"158\" srcset=\"https:\/\/www.elsindical.com.ar\/notas\/var\/www\/html\/notas\/wp-content\/uploads\/2017\/05\/avi\u00f3n-PFA-ca\u00eddo-en-Canning-1-300x158.jpg 300w, https:\/\/www.elsindical.com.ar\/notas\/var\/www\/html\/notas\/wp-content\/uploads\/2017\/05\/avi\u00f3n-PFA-ca\u00eddo-en-Canning-1-500x263.jpg 500w, https:\/\/www.elsindical.com.ar\/notas\/var\/www\/html\/notas\/wp-content\/uploads\/2017\/05\/avi\u00f3n-PFA-ca\u00eddo-en-Canning-1.jpg 680w\" sizes=\"auto, (max-width: 300px) 100vw, 300px\" \/><\/a>\u00a0 Tres efectivos resultaron heridos tras el accidente en cercan\u00edas de la localidad de Ezeiza y fueron trasladados a un hospital de la zona. Se cree que el accidente fue provocado por una falla de un motor del veh\u00edculo.<\/em><\/p>\n<p>Un avi\u00f3n que trasladaba a tres polic\u00edas cay\u00f3 este mi\u00e9rcoles en la localidad bonaerense de Canning y los efectivos resultaron heridos, aunque est\u00e1n fuera de peligro, seg\u00fan informaron fuentes de la Fuerza Federal.<\/p>\n<p>El hecho ocurri\u00f3 en horas de la tarde en cercan\u00edas de la localidad de Ezeiza y, si bien se desconocen los motivos, se cree que la falla de un motor del avi\u00f3n fue lo que provoc\u00f3 la ca\u00edda del aparato, no se ha informado sobre los controles y el mantenimiento que reciben para determinar el origen de la falla.<\/p>\n<p>En tanto, un helic\u00f3ptero arrib\u00f3 a la zona del accidente y traslad\u00f3 a los polic\u00edas hacia un centro hospitalario de la zona, con heridas leves.<\/p>\n<p>Seg\u00fan informaron los polic\u00edas se encuentran <em>\u00abbien, sin heridas de gravedad\u00bb <\/em>y los tres est\u00e1n <em>\u00abfuera de peligro\u00bb.<\/em><\/p>\n<p><a href=\"http:\/\/www.elsindical.com.ar\/notas\/var\/www\/html\/notas\/wp-content\/uploads\/2017\/05\/avi\u00f3n-PFA-ca\u00eddo-en-Canning.jpg\"><img loading=\"lazy\" decoding=\"async\" class=\"alignnone size-medium wp-image-68535\" src=\"http:\/\/www.elsindical.com.ar\/notas\/var\/www\/html\/notas\/wp-content\/uploads\/2017\/05\/avi\u00f3n-PFA-ca\u00eddo-en-Canning-300x154.jpg\" alt=\"\" width=\"300\" height=\"154\" srcset=\"https:\/\/www.elsindical.com.ar\/notas\/var\/www\/html\/notas\/wp-content\/uploads\/2017\/05\/avi\u00f3n-PFA-ca\u00eddo-en-Canning-300x154.jpg 300w, https:\/\/www.elsindical.com.ar\/notas\/var\/www\/html\/notas\/wp-content\/uploads\/2017\/05\/avi\u00f3n-PFA-ca\u00eddo-en-Canning-500x256.jpg 500w, https:\/\/www.elsindical.com.ar\/notas\/var\/www\/html\/notas\/wp-content\/uploads\/2017\/05\/avi\u00f3n-PFA-ca\u00eddo-en-Canning.jpg 738w\" sizes=\"auto, (max-width: 300px) 100vw, 300px\" \/><\/a><\/p>\n","protected":false},"excerpt":{"rendered":"<p>\u00a0\u00a0 Tres efectivos resultaron heridos tras el accidente en cercan\u00edas de la localidad de Ezeiza y fueron trasladados a un hospital de la zona. Se cree que el accidente fue provocado por una falla de un motor del veh\u00edculo. Un avi\u00f3n que trasladaba a tres polic\u00edas cay\u00f3 este mi\u00e9rcoles en la localidad bonaerense de Canning&hellip;<\/p>\n","protected":false},"author":1,"featured_media":0,"comment_status":"open","ping_status":"open","sticky":false,"template":"","format":"standard","meta":{"footnotes":""},"categories":[22],"tags":[2864,26084,661,698],"class_list":["post-68534","post","type-post","status-publish","format-standard","hentry","category-policiales","tag-avion","tag-canning","tag-ezeiza","tag-pfa"],"_links":{"self":[{"href":"https:\/\/www.elsindical.com.ar\/notas\/wp-json\/wp\/v2\/posts\/68534","targetHints":{"allow":["GET"]}}],"collection":[{"href":"https:\/\/www.elsindical.com.ar\/notas\/wp-json\/wp\/v2\/posts"}],"about":[{"href":"https:\/\/www.elsindical.com.ar\/notas\/wp-json\/wp\/v2\/types\/post"}],"author":[{"embeddable":true,"href":"https:\/\/www.elsindical.com.ar\/notas\/wp-json\/wp\/v2\/users\/1"}],"replies":[{"embeddable":true,"href":"https:\/\/www.elsindical.com.ar\/notas\/wp-json\/wp\/v2\/comments?post=68534"}],"version-history":[{"count":1,"href":"https:\/\/www.elsindical.com.ar\/notas\/wp-json\/wp\/v2\/posts\/68534\/revisions"}],"predecessor-version":[{"id":68537,"href":"https:\/\/www.elsindical.com.ar\/notas\/wp-json\/wp\/v2\/posts\/68534\/revisions\/68537"}],"wp:attachment":[{"href":"https:\/\/www.elsindical.com.ar\/notas\/wp-json\/wp\/v2\/media?parent=68534"}],"wp:term":[{"taxonomy":"category","embeddable":true,"href":"https:\/\/www.elsindical.com.ar\/notas\/wp-json\/wp\/v2\/categories?post=68534"},{"taxonomy":"post_tag","embeddable":true,"href":"https:\/\/www.elsindical.com.ar\/notas\/wp-json\/wp\/v2\/tags?post=68534"}],"curies":[{"name":"wp","href":"https:\/\/api.w.org\/{rel}","templated":true}]}}