{"id":68517,"date":"2017-05-31T12:27:35","date_gmt":"2017-05-31T15:27:35","guid":{"rendered":"http:\/\/www.elsindical.com.ar\/notas\/?p=68517"},"modified":"2017-05-31T12:27:35","modified_gmt":"2017-05-31T15:27:35","slug":"martiniano-molina-quiere-que-su-esposa-sea-candidata-a-diputada","status":"publish","type":"post","link":"https:\/\/www.elsindical.com.ar\/notas\/martiniano-molina-quiere-que-su-esposa-sea-candidata-a-diputada\/","title":{"rendered":"Martiniano Molina quiere que su esposa sea candidata a diputada"},"content":{"rendered":"<p><a href=\"http:\/\/www.elsindical.com.ar\/notas\/var\/www\/html\/notas\/wp-content\/uploads\/2017\/05\/Martiniano-y-su-esposa.jpg\"><img loading=\"lazy\" decoding=\"async\" class=\"alignnone size-medium wp-image-68518\" src=\"http:\/\/www.elsindical.com.ar\/notas\/var\/www\/html\/notas\/wp-content\/uploads\/2017\/05\/Martiniano-y-su-esposa-300x225.jpg\" alt=\"\" width=\"300\" height=\"225\" srcset=\"https:\/\/www.elsindical.com.ar\/notas\/var\/www\/html\/notas\/wp-content\/uploads\/2017\/05\/Martiniano-y-su-esposa-300x225.jpg 300w, https:\/\/www.elsindical.com.ar\/notas\/var\/www\/html\/notas\/wp-content\/uploads\/2017\/05\/Martiniano-y-su-esposa-768x576.jpg 768w, https:\/\/www.elsindical.com.ar\/notas\/var\/www\/html\/notas\/wp-content\/uploads\/2017\/05\/Martiniano-y-su-esposa-400x300.jpg 400w, https:\/\/www.elsindical.com.ar\/notas\/var\/www\/html\/notas\/wp-content\/uploads\/2017\/05\/Martiniano-y-su-esposa.jpg 900w\" sizes=\"auto, (max-width: 300px) 100vw, 300px\" \/><\/a>\u00a0 En los \u00faltimos meses, Ileana Luetic, la mujer de Martiniano Molina, intendente de Quilmes, cobr\u00f3 un llamativo protagonismo en base a realizar apariciones en distintos actos e inauguraciones del distrito de la zona sur junto a su marido. Seg\u00fan fuentes locales consultadas por Informe Pol\u00edtico, desde Cambiemos analizan la posibilidad de que Luetic, periodista rosarina de 38 a\u00f1os, sin militancia pol\u00edtica previa (solo tuvo un fugaz paso por la Bolsa de Comercio de Rosario, d\u00f3nde se desempe\u00f1\u00f3 como funcionaria de la C\u00e1mara Arbitral) pueda ser candidata a diputada.<\/p>\n<p>Desde la municipalidad de Quilmes expresaron \u201cdesconocer el tema\u201d, a la espera de que haya definiciones. De todas maneras, el jefe comunal cuenta con antecedentes a la hora de designar familiares en la intendencia, a saber: su hermano Tom\u00e1s Molina, quien trabajaba en una empresa de catering, se ocupa de la Secretar\u00eda General de gobierno; su madrastra, Raquel Coldani, preside el bloque PRO del Concejo Deliberante y su padre, Jorge Molina, no logr\u00f3 ocupar un cargo en la direcci\u00f3n provincial de Registro y Fiscalizaci\u00f3n Sanitaria \u201cpor falta de documentaci\u00f3n\u201d.<\/p>\n<p>As\u00ed mismo, desde la oposici\u00f3n en el distrito manifestaron a IP que \u201cMartiniano har\u00e1 todo lo posible para colocar a su esposa en la lista de diputados provinciales de Cambiemos en la Provincia\u201d. \u201cEl operativo ya comenz\u00f3, la lleva a todas las actividades para que sea un rostro conocido a la hora de las elecciones\u201d, ratificaron.<\/p>\n<p>&nbsp;<\/p>\n<p><strong>Fuente: Informe Pol\u00edtico<\/strong><\/p>\n","protected":false},"excerpt":{"rendered":"<p>\u00a0 En los \u00faltimos meses, Ileana Luetic, la mujer de Martiniano Molina, intendente de Quilmes, cobr\u00f3 un llamativo protagonismo en base a realizar apariciones en distintos actos e inauguraciones del distrito de la zona sur junto a su marido. Seg\u00fan fuentes locales consultadas por Informe Pol\u00edtico, desde Cambiemos analizan la posibilidad de que Luetic, periodista&hellip;<\/p>\n","protected":false},"author":1,"featured_media":0,"comment_status":"open","ping_status":"open","sticky":false,"template":"","format":"standard","meta":{"footnotes":""},"categories":[13],"tags":[177,26082,22674,328,26081],"class_list":["post-68517","post","type-post","status-publish","format-standard","hentry","category-politica","tag-diputada","tag-ileana-luetic","tag-martiniano-molina","tag-pro","tag-raquel-coldani"],"_links":{"self":[{"href":"https:\/\/www.elsindical.com.ar\/notas\/wp-json\/wp\/v2\/posts\/68517","targetHints":{"allow":["GET"]}}],"collection":[{"href":"https:\/\/www.elsindical.com.ar\/notas\/wp-json\/wp\/v2\/posts"}],"about":[{"href":"https:\/\/www.elsindical.com.ar\/notas\/wp-json\/wp\/v2\/types\/post"}],"author":[{"embeddable":true,"href":"https:\/\/www.elsindical.com.ar\/notas\/wp-json\/wp\/v2\/users\/1"}],"replies":[{"embeddable":true,"href":"https:\/\/www.elsindical.com.ar\/notas\/wp-json\/wp\/v2\/comments?post=68517"}],"version-history":[{"count":1,"href":"https:\/\/www.elsindical.com.ar\/notas\/wp-json\/wp\/v2\/posts\/68517\/revisions"}],"predecessor-version":[{"id":68519,"href":"https:\/\/www.elsindical.com.ar\/notas\/wp-json\/wp\/v2\/posts\/68517\/revisions\/68519"}],"wp:attachment":[{"href":"https:\/\/www.elsindical.com.ar\/notas\/wp-json\/wp\/v2\/media?parent=68517"}],"wp:term":[{"taxonomy":"category","embeddable":true,"href":"https:\/\/www.elsindical.com.ar\/notas\/wp-json\/wp\/v2\/categories?post=68517"},{"taxonomy":"post_tag","embeddable":true,"href":"https:\/\/www.elsindical.com.ar\/notas\/wp-json\/wp\/v2\/tags?post=68517"}],"curies":[{"name":"wp","href":"https:\/\/api.w.org\/{rel}","templated":true}]}}