{"id":68514,"date":"2017-05-31T12:22:37","date_gmt":"2017-05-31T15:22:37","guid":{"rendered":"http:\/\/www.elsindical.com.ar\/notas\/?p=68514"},"modified":"2017-05-31T12:22:37","modified_gmt":"2017-05-31T15:22:37","slug":"junin-por-la-crisis-hidrica-ya-no-quedan-tambos-en-funcionamiento","status":"publish","type":"post","link":"https:\/\/www.elsindical.com.ar\/notas\/junin-por-la-crisis-hidrica-ya-no-quedan-tambos-en-funcionamiento\/","title":{"rendered":"Jun\u00edn: Por la crisis h\u00eddrica ya no quedan tambos en funcionamiento"},"content":{"rendered":"<p class=\"bajada\"><em><a href=\"http:\/\/www.elsindical.com.ar\/notas\/var\/www\/html\/notas\/wp-content\/uploads\/2017\/05\/vacas-inundaciones-Jun\u00edn.jpg\"><img loading=\"lazy\" decoding=\"async\" class=\"alignnone size-medium wp-image-68515\" src=\"http:\/\/www.elsindical.com.ar\/notas\/var\/www\/html\/notas\/wp-content\/uploads\/2017\/05\/vacas-inundaciones-Jun\u00edn-300x179.jpg\" alt=\"\" width=\"300\" height=\"179\" srcset=\"https:\/\/www.elsindical.com.ar\/notas\/var\/www\/html\/notas\/wp-content\/uploads\/2017\/05\/vacas-inundaciones-Jun\u00edn-300x179.jpg 300w, https:\/\/www.elsindical.com.ar\/notas\/var\/www\/html\/notas\/wp-content\/uploads\/2017\/05\/vacas-inundaciones-Jun\u00edn-500x298.jpg 500w, https:\/\/www.elsindical.com.ar\/notas\/var\/www\/html\/notas\/wp-content\/uploads\/2017\/05\/vacas-inundaciones-Jun\u00edn.jpg 620w\" sizes=\"auto, (max-width: 300px) 100vw, 300px\" \/><\/a>\u00a0 La \u00faltima que quedaba era Milkland. Pero, d\u00edas atr\u00e1s, la empresa tuvo que detener la producci\u00f3n de leche porque qued\u00f3 anegada por el agua. \u201cEs muy dif\u00edcil que vuelva a abrir\u201d, dijo uno de los due\u00f1os.<\/em><\/p>\n<p>En un contexto de inundaciones que est\u00e1n afectando seriamente al campo y la industria, en los \u00faltimos d\u00edas, tuvo que detener la producci\u00f3n de leche el \u00faltimo tambo que quedaba en actividad en la localidad bonaerense de Jun\u00edn.<\/p>\n<p>Se trata de la empresa Milkland, en la que trabajaban cinco familias, que fue afectada por la crisis h\u00eddrica que vive gran parte de la regi\u00f3n del norte bonaerense, donde el agua anega cada vez m\u00e1s sectores rurales y amenaza, incluso, cascos urbanos.<\/p>\n<p>Por el crecimiento del agua, la firma tuvo que reubicar las vacas en un campo vecino de la localidad de 9 de Julio y la lechera ya se encuentra fuera de operaci\u00f3n, seg\u00fan inform\u00f3 Democracia.<\/p>\n<p>Salvador, uno de los due\u00f1os, explic\u00f3 que una vez que se desarma toda la cadena de producci\u00f3n, \u201ces muy dif\u00edcil que vuelva a abrir\u201d, por m\u00e1s que baje el agua. Con notable angustia, sostuvo que los desbordes est\u00e1n alimentados por un mal manejo del agua desde las autoridades locales, que ahora impacta en el descontrol del cauce de los embalses de Laguna de G\u00f3mez y El Carpincho.<\/p>\n<p>\u201cRetienen el agua durante el verano para fomentar el turismo y ahora est\u00e1 por entrar al casco de Jun\u00edn\u201d, dijo el lugare\u00f1o y a\u00f1adi\u00f3 \u201cestamos solos, nunca nadie no ayud\u00f3 en nada. Quedan cuatro familias en la calle sin trabajo. Las vacas se est\u00e1n muriendo en el agua\u201d.<\/p>\n<p>Cabe recordar que la Comisi\u00f3n de Emergencia Agropecuaria declar\u00f3 el estado de Emergencia y\/o Desastre Individual para parcelas rurales de Jun\u00edn afectadas por inundaci\u00f3n, por el per\u00edodo 01\/03\/17 al 31\/08\/17.<\/p>\n","protected":false},"excerpt":{"rendered":"<p>\u00a0 La \u00faltima que quedaba era Milkland. Pero, d\u00edas atr\u00e1s, la empresa tuvo que detener la producci\u00f3n de leche porque qued\u00f3 anegada por el agua. \u201cEs muy dif\u00edcil que vuelva a abrir\u201d, dijo uno de los due\u00f1os. En un contexto de inundaciones que est\u00e1n afectando seriamente al campo y la industria, en los \u00faltimos d\u00edas,&hellip;<\/p>\n","protected":false},"author":1,"featured_media":0,"comment_status":"open","ping_status":"open","sticky":false,"template":"","format":"standard","meta":{"footnotes":""},"categories":[25],"tags":[26080,1919,7748,26079,26078],"class_list":["post-68514","post","type-post","status-publish","format-standard","hentry","category-sociedad","tag-industria-bonaerense","tag-inundaciones","tag-junin","tag-tambos","tag-vacas"],"_links":{"self":[{"href":"https:\/\/www.elsindical.com.ar\/notas\/wp-json\/wp\/v2\/posts\/68514","targetHints":{"allow":["GET"]}}],"collection":[{"href":"https:\/\/www.elsindical.com.ar\/notas\/wp-json\/wp\/v2\/posts"}],"about":[{"href":"https:\/\/www.elsindical.com.ar\/notas\/wp-json\/wp\/v2\/types\/post"}],"author":[{"embeddable":true,"href":"https:\/\/www.elsindical.com.ar\/notas\/wp-json\/wp\/v2\/users\/1"}],"replies":[{"embeddable":true,"href":"https:\/\/www.elsindical.com.ar\/notas\/wp-json\/wp\/v2\/comments?post=68514"}],"version-history":[{"count":1,"href":"https:\/\/www.elsindical.com.ar\/notas\/wp-json\/wp\/v2\/posts\/68514\/revisions"}],"predecessor-version":[{"id":68516,"href":"https:\/\/www.elsindical.com.ar\/notas\/wp-json\/wp\/v2\/posts\/68514\/revisions\/68516"}],"wp:attachment":[{"href":"https:\/\/www.elsindical.com.ar\/notas\/wp-json\/wp\/v2\/media?parent=68514"}],"wp:term":[{"taxonomy":"category","embeddable":true,"href":"https:\/\/www.elsindical.com.ar\/notas\/wp-json\/wp\/v2\/categories?post=68514"},{"taxonomy":"post_tag","embeddable":true,"href":"https:\/\/www.elsindical.com.ar\/notas\/wp-json\/wp\/v2\/tags?post=68514"}],"curies":[{"name":"wp","href":"https:\/\/api.w.org\/{rel}","templated":true}]}}