{"id":68507,"date":"2017-05-31T09:26:24","date_gmt":"2017-05-31T12:26:24","guid":{"rendered":"http:\/\/www.elsindical.com.ar\/notas\/?p=68507"},"modified":"2017-05-31T09:26:24","modified_gmt":"2017-05-31T12:26:24","slug":"recibidores-de-granos-paran-por-48-horas-por-aumento-salarial","status":"publish","type":"post","link":"https:\/\/www.elsindical.com.ar\/notas\/recibidores-de-granos-paran-por-48-horas-por-aumento-salarial\/","title":{"rendered":"Recibidores de granos paran por 48 horas por aumento salarial"},"content":{"rendered":"<p class=\"copete\"><em>\u00a0 <a href=\"http:\/\/www.elsindical.com.ar\/notas\/var\/www\/html\/notas\/wp-content\/uploads\/2017\/05\/afiliados-URGARA.jpg\"><img loading=\"lazy\" decoding=\"async\" class=\"alignnone size-medium wp-image-68508\" src=\"http:\/\/www.elsindical.com.ar\/notas\/var\/www\/html\/notas\/wp-content\/uploads\/2017\/05\/afiliados-URGARA-300x176.jpg\" alt=\"\" width=\"300\" height=\"176\" srcset=\"https:\/\/www.elsindical.com.ar\/notas\/var\/www\/html\/notas\/wp-content\/uploads\/2017\/05\/afiliados-URGARA-300x176.jpg 300w, https:\/\/www.elsindical.com.ar\/notas\/var\/www\/html\/notas\/wp-content\/uploads\/2017\/05\/afiliados-URGARA-500x293.jpg 500w, https:\/\/www.elsindical.com.ar\/notas\/var\/www\/html\/notas\/wp-content\/uploads\/2017\/05\/afiliados-URGARA.jpg 690w\" sizes=\"auto, (max-width: 300px) 100vw, 300px\" \/><\/a>Los trabajadores nucleados en URGARA exigen \u00abrespuestas\u00bb a la patronal en el marco de las negociaciones colectivas del sector.<\/em><\/p>\n<p>La <strong>Uni\u00f3n de Recibidores de Granos y Anexos de la Rep\u00fablica Argentina (URGARA)<\/strong> inici\u00f3 este mi\u00e9rcoles un paro total de actividades por 48 horas, que afectar\u00e1 el ingreso de mercader\u00eda a los puertos, ante la \u201cfalta de respuestas\u201d en negociaciones con las entidades CONINAGRO y la Federaci\u00f3n de Centro de Acopiadores, en el marco del convenio colectivo 574\/10. Tambi\u00e9n declar\u00f3 el \u00abestado de alerta y movilizaci\u00f3n\u00bb en toda la actividad.<\/p>\n<p>URGARA reclama por la falta de avances en las discusiones salariales \u201cque tuvieron la formal apertura en el Ministerio de Trabajo a principio de este mes y que deber\u00e1n ajustarse antes del 30 de junio de 2017\u201d; la constituci\u00f3n de la Comisi\u00f3n permanente en la cartera laboral por temas de Seguridad e Higiene; un premio o gratificaci\u00f3n extraordinaria ya acordada con c\u00e1maras de Puertos y la correspondiente que nuclea a las empresas de control; y la modificaci\u00f3n y revisi\u00f3n de cl\u00e1usulas convencionales, tambi\u00e9n ya presentadas a ambas entidades.<\/p>\n<p>\u00abSiempre priorizamos el di\u00e1logo y el sentido com\u00fan; ello nos llev\u00f3 a consensuar de forma pac\u00edfica y armoniosa cada uno de los \u00faltimos acuerdos paritarios. Por eso realmente sorprende este cambio de actitud que nos deja sin respuesta a las necesidades que sin lugar a dudas entendemos urgentes y necesarias\u201d, expres\u00f3 <strong>Alfredo Palacio<\/strong>, Secretario General del gremio.<\/p>\n<p>\u201cEstamos requiriendo tambi\u00e9n la obligatoriedad de incorporar peritos matriculados (Art 7 del CCT 574\/10) en todos aquellos establecimientos que se realicen tareas de clasificaci\u00f3n y\/o entrega y\/o recibo y\/o certificaci\u00f3n de granos y\/o acopio y\/o dep\u00f3sito de, oleaginosos, legumbres secas, productos y sub-productos de terceros. Contamos con el <strong>Centro de Formaci\u00f3n Profesional N\u00ba422 CEFORGA<\/strong>, donde con autorizaci\u00f3n y supervisi\u00f3n de la Direcci\u00f3n de Cultura y Educaci\u00f3n de la Pcia. de Buenos Aires, se dicta el curso de Perito Clasificador de cereales, legumbres y oleaginosas, como as\u00ed tambi\u00e9n distintas capacitaciones en poscosecha. Necesitamos con urgencia que el Ministerio de Agroindustria de la Naci\u00f3n reconozca a nuestros egresados e ingresar en el Registro \u00danico de Operadores de la Cadena Agroindustrial (RUCA)\u201d, agreg\u00f3 Palacio.<\/p>\n<p>Desde el gremio denuncian que en escuelas reconocidas por el SENASA se forman peritos en la especialidad en dos meses, lo que consideran \u201cun accionar inescrupuloso, una estafa, ya que se cobra por un curso de dos meses que deber\u00eda hacerse en dos a\u00f1os. Esto explica por qu\u00e9 no reconocen a nuestro Centro de Formaci\u00f3n CEFORGA\u00bb.<\/p>\n<p>\u201cEl lunes 15 de mayo fuimos convocados a una reuni\u00f3n para tratar los distintos reclamos, comprometi\u00e9ndose la patronal a dar una respuesta al finalizar la semana, contemplando e incluyendo una propuesta para analizar, cosa que jam\u00e1s hizo\u201d, denunci\u00f3 el sindicalista, agregando que desde <strong>URGARA se sienten \u201cclaramente agraviados con esta actitud<\/strong>, que sin lugar a dudas lesiona la relaci\u00f3n\u201d.<\/p>\n<p>\u201cLa indiferencia en este caso no es otra cosa que manifestar total falta de inter\u00e9s no solo en atender a los reclamos, sino que lesiona claramente la relaci\u00f3n entre paritarios. Es por ello que tal silencio es mucho m\u00e1s que un no a los reclamos, adem\u00e1s es la clara voluntad de no querer construir relaciones respetuosas en el marco del mutuo respeto y la cordialidad\u201d, finaliz\u00f3 Palacio.<\/p>\n","protected":false},"excerpt":{"rendered":"<p>\u00a0 Los trabajadores nucleados en URGARA exigen \u00abrespuestas\u00bb a la patronal en el marco de las negociaciones colectivas del sector. La Uni\u00f3n de Recibidores de Granos y Anexos de la Rep\u00fablica Argentina (URGARA) inici\u00f3 este mi\u00e9rcoles un paro total de actividades por 48 horas, que afectar\u00e1 el ingreso de mercader\u00eda a los puertos, ante la&hellip;<\/p>\n","protected":false},"author":1,"featured_media":0,"comment_status":"open","ping_status":"open","sticky":false,"template":"","format":"standard","meta":{"footnotes":""},"categories":[16],"tags":[26077,67,21703],"class_list":["post-68507","post","type-post","status-publish","format-standard","hentry","category-gremiales","tag-coninagro","tag-paro","tag-urgara"],"_links":{"self":[{"href":"https:\/\/www.elsindical.com.ar\/notas\/wp-json\/wp\/v2\/posts\/68507","targetHints":{"allow":["GET"]}}],"collection":[{"href":"https:\/\/www.elsindical.com.ar\/notas\/wp-json\/wp\/v2\/posts"}],"about":[{"href":"https:\/\/www.elsindical.com.ar\/notas\/wp-json\/wp\/v2\/types\/post"}],"author":[{"embeddable":true,"href":"https:\/\/www.elsindical.com.ar\/notas\/wp-json\/wp\/v2\/users\/1"}],"replies":[{"embeddable":true,"href":"https:\/\/www.elsindical.com.ar\/notas\/wp-json\/wp\/v2\/comments?post=68507"}],"version-history":[{"count":1,"href":"https:\/\/www.elsindical.com.ar\/notas\/wp-json\/wp\/v2\/posts\/68507\/revisions"}],"predecessor-version":[{"id":68509,"href":"https:\/\/www.elsindical.com.ar\/notas\/wp-json\/wp\/v2\/posts\/68507\/revisions\/68509"}],"wp:attachment":[{"href":"https:\/\/www.elsindical.com.ar\/notas\/wp-json\/wp\/v2\/media?parent=68507"}],"wp:term":[{"taxonomy":"category","embeddable":true,"href":"https:\/\/www.elsindical.com.ar\/notas\/wp-json\/wp\/v2\/categories?post=68507"},{"taxonomy":"post_tag","embeddable":true,"href":"https:\/\/www.elsindical.com.ar\/notas\/wp-json\/wp\/v2\/tags?post=68507"}],"curies":[{"name":"wp","href":"https:\/\/api.w.org\/{rel}","templated":true}]}}