{"id":6849,"date":"2010-05-27T00:29:23","date_gmt":"2010-05-27T03:29:23","guid":{"rendered":"http:\/\/www.elsindical.com.ar\/notas\/?p=6849"},"modified":"2010-05-27T00:29:42","modified_gmt":"2010-05-27T03:29:42","slug":"efemerides-del-dia-27-de-mayo","status":"publish","type":"post","link":"https:\/\/www.elsindical.com.ar\/notas\/efemerides-del-dia-27-de-mayo\/","title":{"rendered":"EFEM\u00c9RIDES: DEL D\u00cdA 27 DE MAYO"},"content":{"rendered":"<p style=\"text-align: justify;\"><a href=\"http:\/\/www.elsindical.com.ar\/notas\/var\/www\/html\/notas\/wp-content\/uploads\/2010\/05\/Juan-Calvino.jpg\"><img loading=\"lazy\" decoding=\"async\" class=\"alignleft size-full wp-image-6850\" title=\"Juan-Calvino\" src=\"http:\/\/www.elsindical.com.ar\/notas\/var\/www\/html\/notas\/wp-content\/uploads\/2010\/05\/Juan-Calvino.jpg\" alt=\"\" width=\"142\" height=\"172\" \/><\/a>En un 27 de mayo como hoy, pero de 1895, tropas espa\u00f1olas entierran solemnemente al patriota cubano Jos\u00e9 Mart\u00ed, muerto en la lucha por la independencia de Cuba.<\/p>\n<p style=\"text-align: justify;\">1564- Fallece Juan Calvino, te\u00f3logo reformista protestante franc\u00e9s.<\/p>\n<p style=\"text-align: justify;\">1792- Por primera vez funciona la guillotina en Par\u00eds para ajusticiar a un vulgar salteador.<\/p>\n<p style=\"text-align: justify;\">1780- Regresa de su exploraci\u00f3n del r\u00edo Colorado, en la Patagonia, el navegante Villarino.<\/p>\n<p style=\"text-align: justify;\">1850- La reina Victoria de Inglaterra sufre su cuarto y \u00faltimo atentado.<\/p>\n<p style=\"text-align: justify;\">1878- Nace Isadora Duncan, bailarina estadounidense.<\/p>\n<p style=\"text-align: justify;\">&#8211; Oscar Wilde es condenado a dos a\u00f1os de c\u00e1rcel con trabajos forzados al ser considerado culpable de practicar la homosexualidad.<\/p>\n<p style=\"text-align: justify;\">1905- Guerra ruso-japonesa. La flota japonesa destruye a la rusa en la Batalla naval de Tsushima.<\/p>\n<p style=\"text-align: justify;\">1910- Fallece Robert Koch, m\u00e9dico alem\u00e1n, descubridor del bacilo de la tuberculosis.<\/p>\n<p style=\"text-align: justify;\">1911- Nace Vicent Price, actor estadounidense conocido como \u00abel pr\u00edncipe del terror\u00bb.<\/p>\n<p style=\"text-align: justify;\">1920- Thomas Masaryk es elegido por la Asamblea Nacional primer presidente de Checoslovaquia.<\/p>\n<p style=\"text-align: justify;\">1923- Nace Henry Kissinger, pol\u00edtico estadounidense de origen alem\u00e1n.<\/p>\n<p style=\"text-align: justify;\">1924- Nace Jaime Lusinchi, ex presidente de Venezuela.<\/p>\n<p style=\"text-align: justify;\">1931- El f\u00edsico suizo Auguste Piccard es el primer hombre que sube a la estratosfera al ascender en globo hasta los 16.000 metros de altura.<\/p>\n<p style=\"text-align: justify;\">1993- Inauguraci\u00f3n de la Exposici\u00f3n Universal de Chicago.<\/p>\n<p style=\"text-align: justify;\">1940- Segunda Guerra Mundial. El rey Leopoldo acepta la rendici\u00f3n de B\u00e9lgica ante Alemania despu\u00e9s de 18 d\u00edas de combates.<\/p>\n<p style=\"text-align: justify;\">1941- Barcos de guerra brit\u00e1nicos hunden el acorazado alem\u00e1n \u00abBismarck\u00bb en la primera acci\u00f3n de guerra desde su botadura.<\/p>\n<p style=\"text-align: justify;\">1945- Las tropas chinas conquistan Nanking.<\/p>\n<p style=\"text-align: justify;\">1947- En Alemania son ejecutados 22 de los condenados en el proceso de Mauthausen.<\/p>\n<p style=\"text-align: justify;\">1951- Nace Mar\u00eda Pilar Cuesta (Ana Bel\u00e9n), actriz y cantante espa\u00f1ola.<\/p>\n<p style=\"text-align: justify;\">1952- Se firma en Par\u00eds el Tratado de la Comunidad Europea de Defensa, que incluye a la RFA.<\/p>\n<p style=\"text-align: justify;\">1970- Sirimavo Bandaranaike es reelegida presidenta de Ceil\u00e1n (actual Sri Lanka).<\/p>\n<p style=\"text-align: justify;\">1984- El presidente costarricense, Luis Alberto Monje, inicia una gira de m\u00e1s de un mes por once pa\u00edses europeos para explicar la posici\u00f3n de Costa Rica en el conflicto centroamericano.<\/p>\n<p style=\"text-align: justify;\">1986- Unas 600 personas desaparecen al naufragar el transbordador en el que navegaban por el r\u00edo Menga, en Bangladesh.<\/p>\n<p style=\"text-align: justify;\">1987- La chilena Cecilia Balocco, de 22 a\u00f1os, dise\u00f1adora de modas, es elegida en Singapur \u00abMiss Universo\u00bb.<\/p>\n<p style=\"text-align: justify;\">1988- El Senado estadounidense ratifica un acuerdo entre EEUU y la URSS que prev\u00e9 la eliminaci\u00f3n de unos 2.600 misiles con alcance de entre 500 y 5.000 kil\u00f3metros.<\/p>\n<p style=\"text-align: justify;\">1990- El liberal C\u00e9sar Gaviria Trujillo es elegido presidente de Colombia en unos comicios marcados por una fuerte abstenci\u00f3n.<\/p>\n<p style=\"text-align: justify;\">1992- Abandona Berl\u00edn el VI batall\u00f3n del 40 regimiento de tanques del Ej\u00e9rcito de EEUU, s\u00edmbolo del apoyo estadounidense a la RFA durante la Guerra Fr\u00eda.<\/p>\n<p style=\"text-align: justify;\">1994- El Nobel de Literatura ruso Alexandr Solzhenitsin regresa a Rusia despu\u00e9s de veinte a\u00f1os de exilio en EEUU.<\/p>\n<p style=\"text-align: justify;\">1999- La alpinista gallega Chus Lago se convierte en la segunda mujer en la historia y la primera espa\u00f1ola en coronar el Everest sin ayuda de bombonas de ox\u00edgeno.<\/p>\n<p style=\"text-align: justify;\">2000- Fallece Donato Racciatti, m\u00fasico y compositor \u00edtalo-uruguayo, una de las principales figuras del tango.<\/p>\n<p style=\"text-align: justify;\">2001- El PRI mexicano pierde el gobierno de Yucat\u00e1n, uno de sus bastiones, en las elecciones regionales.<\/p>\n<p style=\"text-align: justify;\">&#8211; Emmanuel Milingo, arzobispo de Lusaka, Zambia, se casa en Nueva York por el ritual de la secta Moon a pesar del rechazo de la Santa Sede.<\/p>\n<p style=\"text-align: justify;\">2004- Detienen en Londres al cl\u00e9rigo radical Abu Hamnza, considerado un embajador de Al Qaeda en Occidente, despu\u00e9s de la petici\u00f3n de extradici\u00f3n por parte de Estados Unidos.<\/p>\n<p style=\"text-align: justify;\">2005- El Parlamento de Turqu\u00eda aprueba la reforma del C\u00f3digo Penal, una de las condiciones impuesta por la Uni\u00f3n Europea para iniciar los tr\u00e1mites de adhesi\u00f3n.<\/p>\n<p style=\"text-align: justify;\">2006- Mueren m\u00e1s de 5.000 personas en la isla de Java a causa de un terremoto de 6,2 grados en la escala Richter registrado en la zona.<\/p>\n<p style=\"text-align: justify;\">&#8211; Fallece Romeo Lucas Garc\u00eda, ex presidente guatemalteco.<\/p>\n<p style=\"text-align: justify;\">2007- El gobierno venezolano de Hugo Ch\u00e1vez cancela la licencia de emisi\u00f3n de la cadena de televisi\u00f3n Radio Caracas, la m\u00e1s antigua del pa\u00eds, lo que provoca protestas de la oposici\u00f3n.<\/p>\n<p style=\"text-align: justify;\">&#8211; Fallece Sally Aid\u00e9 Barreto, cantante peruana.<\/p>\n","protected":false},"excerpt":{"rendered":"<p>En un 27 de mayo como hoy, pero de 1895, tropas espa\u00f1olas entierran solemnemente al patriota cubano Jos\u00e9 Mart\u00ed, muerto en la lucha por la independencia de Cuba. 1564- Fallece Juan Calvino, te\u00f3logo reformista protestante franc\u00e9s. 1792- Por primera vez funciona la guillotina en Par\u00eds para ajusticiar a un vulgar salteador. 1780- Regresa de su&hellip;<\/p>\n","protected":false},"author":1,"featured_media":0,"comment_status":"open","ping_status":"open","sticky":false,"template":"","format":"standard","meta":{"footnotes":""},"categories":[14],"tags":[],"class_list":["post-6849","post","type-post","status-publish","format-standard","hentry","category-efemerides"],"_links":{"self":[{"href":"https:\/\/www.elsindical.com.ar\/notas\/wp-json\/wp\/v2\/posts\/6849","targetHints":{"allow":["GET"]}}],"collection":[{"href":"https:\/\/www.elsindical.com.ar\/notas\/wp-json\/wp\/v2\/posts"}],"about":[{"href":"https:\/\/www.elsindical.com.ar\/notas\/wp-json\/wp\/v2\/types\/post"}],"author":[{"embeddable":true,"href":"https:\/\/www.elsindical.com.ar\/notas\/wp-json\/wp\/v2\/users\/1"}],"replies":[{"embeddable":true,"href":"https:\/\/www.elsindical.com.ar\/notas\/wp-json\/wp\/v2\/comments?post=6849"}],"version-history":[{"count":3,"href":"https:\/\/www.elsindical.com.ar\/notas\/wp-json\/wp\/v2\/posts\/6849\/revisions"}],"predecessor-version":[{"id":6853,"href":"https:\/\/www.elsindical.com.ar\/notas\/wp-json\/wp\/v2\/posts\/6849\/revisions\/6853"}],"wp:attachment":[{"href":"https:\/\/www.elsindical.com.ar\/notas\/wp-json\/wp\/v2\/media?parent=6849"}],"wp:term":[{"taxonomy":"category","embeddable":true,"href":"https:\/\/www.elsindical.com.ar\/notas\/wp-json\/wp\/v2\/categories?post=6849"},{"taxonomy":"post_tag","embeddable":true,"href":"https:\/\/www.elsindical.com.ar\/notas\/wp-json\/wp\/v2\/tags?post=6849"}],"curies":[{"name":"wp","href":"https:\/\/api.w.org\/{rel}","templated":true}]}}