{"id":68478,"date":"2017-05-30T07:28:58","date_gmt":"2017-05-30T10:28:58","guid":{"rendered":"http:\/\/www.elsindical.com.ar\/notas\/?p=68478"},"modified":"2017-05-30T07:28:58","modified_gmt":"2017-05-30T10:28:58","slug":"jorge-faurie-quien-es-el-nuevo-canciller-para-reemplazar-a-malcorra","status":"publish","type":"post","link":"https:\/\/www.elsindical.com.ar\/notas\/jorge-faurie-quien-es-el-nuevo-canciller-para-reemplazar-a-malcorra\/","title":{"rendered":"Jorge Faurie: \u00bfqui\u00e9n es el nuevo Canciller para reemplazar a Malcorra?"},"content":{"rendered":"<p><em><span class=\"text description col-xs-8 col-lg-9\">\u00a0<a href=\"http:\/\/www.elsindical.com.ar\/notas\/var\/www\/html\/notas\/wp-content\/uploads\/2017\/05\/Jorge-Faurie.jpg\"><img loading=\"lazy\" decoding=\"async\" class=\"alignnone size-medium wp-image-68479\" src=\"http:\/\/www.elsindical.com.ar\/notas\/var\/www\/html\/notas\/wp-content\/uploads\/2017\/05\/Jorge-Faurie-300x175.jpg\" alt=\"\" width=\"300\" height=\"175\" srcset=\"https:\/\/www.elsindical.com.ar\/notas\/var\/www\/html\/notas\/wp-content\/uploads\/2017\/05\/Jorge-Faurie-300x175.jpg 300w, https:\/\/www.elsindical.com.ar\/notas\/var\/www\/html\/notas\/wp-content\/uploads\/2017\/05\/Jorge-Faurie-500x291.jpg 500w, https:\/\/www.elsindical.com.ar\/notas\/var\/www\/html\/notas\/wp-content\/uploads\/2017\/05\/Jorge-Faurie.jpg 620w\" sizes=\"auto, (max-width: 300px) 100vw, 300px\" \/><\/a> Tras la sorpresiva renuncia de Susana Malcorra a su cargo, anunciado este lunes en conferencia de prensa, ser\u00e1 Faurie quien la reemplazar\u00e1. El nuevo Canciller es un diplom\u00e1tico que se desempe\u00f1\u00f3 hasta hoy como embajador en Par\u00eds.<\/span><\/em><\/p>\n<p>El presidente Mauricio Macri anunci\u00f3 este lunes que la canciller Susana Malcorra dejar\u00e1 el Ministerio de Relaciones Exteriores \u00abpor temas personales\u00bb y ser\u00e1 reemplazada por el actual embajador en Francia, Jorge Faurie.<br \/>\n\u00abNuestra canciller nos abandona, no del equipo, pero s\u00ed como canciller por temas personales\u00bb, se\u00f1al\u00f3 Macri en conferencia de prensa en la Casa Rosada y precis\u00f3 que la funcionaria seguir\u00e1 \u00absiendo parte del equipo\u00bb desde Espa\u00f1a, donde se radicar\u00e1.<br \/>\nEl jefe de Gabinete, Marcos Pe\u00f1a, anunci\u00f3 que el actual embajador en Par\u00eds, Jorge Faurie, ser\u00e1 quien reemplace a Malcorra y asumir\u00e1 el pr\u00f3ximo 12 de junio.<br \/>\nPe\u00f1a se\u00f1al\u00f3 que Faurie est\u00e1 viajando para la Argentina y es el \u00abn\u00famero uno en la carrera de diplom\u00e1tica\u00bb.<br \/>\n\u00abJorge agarrar\u00e1 el bast\u00f3n y seguir\u00e1 desde la canciller\u00eda, pero yo seguir\u00e9 trabajando para la inserci\u00f3n de la Argentina en el siglo XXI\u00bb, dijo Malcorra.<br \/>\nNacido el 24 de diciembre de 1951, Faurie es Embajador Extraordinario y Plenipotenciario desde el a\u00f1o 1998 y su formaci\u00f3n la realiz\u00f3 en el Instituto del Servicio Exterior de la Naci\u00f3n, del que egres\u00f3 en 1976.<br \/>\nDurante el gobierno kirchnerista, ocup\u00f3 la Secretar\u00eda de Coordinaci\u00f3n y Cooperaci\u00f3n Internacional entre 2014-2015 y previamente fue embajador ante Portugal entre 2002-2013.<br \/>\nEl flamante canciller tambi\u00e9n fue Director Nacional de Ceremonial del Ministerio de Relaciones Exteriores entre 1998-1999; Jefe de Gabinete de la Secretar\u00eda de Relaciones Exteriores del Ministerio de Relaciones Exteriores en 1997-1998; y Director de Mercosur del Ministerio de Relaciones Exteriores entre 1992-1994, entre otros cargos.<\/p>\n","protected":false},"excerpt":{"rendered":"<p>\u00a0 Tras la sorpresiva renuncia de Susana Malcorra a su cargo, anunciado este lunes en conferencia de prensa, ser\u00e1 Faurie quien la reemplazar\u00e1. El nuevo Canciller es un diplom\u00e1tico que se desempe\u00f1\u00f3 hasta hoy como embajador en Par\u00eds. El presidente Mauricio Macri anunci\u00f3 este lunes que la canciller Susana Malcorra dejar\u00e1 el Ministerio de Relaciones&hellip;<\/p>\n","protected":false},"author":1,"featured_media":0,"comment_status":"open","ping_status":"open","sticky":false,"template":"","format":"standard","meta":{"footnotes":""},"categories":[13],"tags":[26070,26071,22537],"class_list":["post-68478","post","type-post","status-publish","format-standard","hentry","category-politica","tag-casa-osada","tag-jorge-faurie","tag-susana-malcorra"],"_links":{"self":[{"href":"https:\/\/www.elsindical.com.ar\/notas\/wp-json\/wp\/v2\/posts\/68478","targetHints":{"allow":["GET"]}}],"collection":[{"href":"https:\/\/www.elsindical.com.ar\/notas\/wp-json\/wp\/v2\/posts"}],"about":[{"href":"https:\/\/www.elsindical.com.ar\/notas\/wp-json\/wp\/v2\/types\/post"}],"author":[{"embeddable":true,"href":"https:\/\/www.elsindical.com.ar\/notas\/wp-json\/wp\/v2\/users\/1"}],"replies":[{"embeddable":true,"href":"https:\/\/www.elsindical.com.ar\/notas\/wp-json\/wp\/v2\/comments?post=68478"}],"version-history":[{"count":1,"href":"https:\/\/www.elsindical.com.ar\/notas\/wp-json\/wp\/v2\/posts\/68478\/revisions"}],"predecessor-version":[{"id":68480,"href":"https:\/\/www.elsindical.com.ar\/notas\/wp-json\/wp\/v2\/posts\/68478\/revisions\/68480"}],"wp:attachment":[{"href":"https:\/\/www.elsindical.com.ar\/notas\/wp-json\/wp\/v2\/media?parent=68478"}],"wp:term":[{"taxonomy":"category","embeddable":true,"href":"https:\/\/www.elsindical.com.ar\/notas\/wp-json\/wp\/v2\/categories?post=68478"},{"taxonomy":"post_tag","embeddable":true,"href":"https:\/\/www.elsindical.com.ar\/notas\/wp-json\/wp\/v2\/tags?post=68478"}],"curies":[{"name":"wp","href":"https:\/\/api.w.org\/{rel}","templated":true}]}}