{"id":6845,"date":"2010-05-26T22:15:42","date_gmt":"2010-05-27T01:15:42","guid":{"rendered":"http:\/\/www.elsindical.com.ar\/notas\/?p=6845"},"modified":"2010-05-26T22:15:42","modified_gmt":"2010-05-27T01:15:42","slug":"palermo-detienen-a-la-modelo-colombiana-acusada-de-narcotrafico","status":"publish","type":"post","link":"https:\/\/www.elsindical.com.ar\/notas\/palermo-detienen-a-la-modelo-colombiana-acusada-de-narcotrafico\/","title":{"rendered":"Palermo: Detienen a la modelo colombiana acusada de narcotr\u00e1fico"},"content":{"rendered":"<p style=\"text-align: justify;\"><em><strong><a href=\"http:\/\/www.elsindical.com.ar\/notas\/var\/www\/html\/notas\/wp-content\/uploads\/2010\/05\/Angie-Sanclemente-Valencia.jpg\"><img loading=\"lazy\" decoding=\"async\" class=\"alignleft size-full wp-image-6846\" title=\"Angie-Sanclemente-Valencia\" src=\"http:\/\/www.elsindical.com.ar\/notas\/var\/www\/html\/notas\/wp-content\/uploads\/2010\/05\/Angie-Sanclemente-Valencia.jpg\" alt=\"\" width=\"227\" height=\"216\" \/><\/a>Angie Sanclemente Valencia<\/strong> fue detenida esta tarde en un hotel de Palermo.\u00a0Est\u00e1 acusada de formar\u00a0parte de \u00ab<strong>un escal\u00f3n superior<\/strong>\u00bb en una banda de narcotraficantes, inform\u00f3 <strong>Maximiliano Lencina<\/strong>, de la PSA.<\/em><\/p>\n<p id=\"cuerpoNota\" style=\"text-align: justify;\">La <strong>exhuberante modelo colombiana<\/strong>, acusada de liderar una peligrosa banda de narcotraficantes, <strong>fue detenida en la calle Paraguay al 3357<\/strong>, en la intersecci\u00f3n con Coronel D\u00edaz.<br \/>\n<strong><\/strong><br \/>\n<strong>Valencia est\u00e1 siendo trasladada a la Unidad Operacional que tiene la PSA en el aeropuerto de Ezeiza <\/strong>y ma\u00f1ana <strong>ser\u00e1 indagada por su supuesta participaci\u00f3n en una banda <\/strong>que se dedicaba a\u00a0exportar droga desde la Argentina a Espa\u00f1a a trav\u00e9s de modelos, adelant\u00f3 <strong>Lencina<\/strong>.<br \/>\n\u00a0<br \/>\n<strong>\u00abEsta operaci\u00f3n se realiz\u00f3 gracias a la colaboraci\u00f3n de Interpol. Hicimos una tarea investigativa conjunta y tuvimos un resultado positivo. Inmediatamente pedimos la orden de allanamiento, que fue concedida por el Juzgado Penal Econ\u00f3mico 6<\/strong>\u00ab, inform\u00f3 el jefe policial.<\/p>\n<p>Valencia, de 30 a\u00f1os,\u00a0<strong>se encuentra en la Argentina desde diciembre pasado<\/strong>, proveniente del\u00a0<strong>Distrito Federal de M\u00e9xico <\/strong>y <strong>ten\u00eda un\u00a0pedido de captura nacional e internacional por seis procesamientos <\/strong>firmados por el juez en lo Penal y Econ\u00f3mico <strong>Marcelo Aguinsky<\/strong>.<\/p>\n<p>La ex reina del Caf\u00e9 en Colombia est\u00e1 acusada de <strong>pretender montar en el pa\u00eds una organizaci\u00f3n narco integrada por modelos <\/strong>que no llamaran demasiado la atenci\u00f3n<strong> para trasladar droga a Europa <\/strong>mediante una v\u00eda a\u00e9rea que pasara por Canc\u00fan.<\/p>\n<p>La modelo, quien realiz\u00f3 varias campa\u00f1as publicitarias y en todas puede verse con una mirada seductora, adem\u00e1s de un cuerpo seductor, <strong>es la ex esposa de un peligroso narco mexicano apodado \u00abEl Monstruo\u00bb <\/strong>y desde hace un tiempo decidi\u00f3 continuar con el negocio de quien fue su marido.<\/p>\n<p>La estad\u00eda de Sanclemente Valencia en el pa\u00eds se descubri\u00f3 cuando <strong>ella subi\u00f3 a su red de facebook fotos en las que aparec\u00eda en diferentes lugares de la Argentina <\/strong>y que fueron tomadas despu\u00e9s de pedirse su captura, al tiempo que cuando arrib\u00f3 el 7 de diciembre pasado lo hizo con un perro de raza pomerania, que fue clave para identificarla.<\/p>\n<p><strong>La banda que lideraba la bella modelo empez\u00f3 a ser desbaratada el 13 de diciembre<\/strong>, cuando fue detenida por la Polic\u00eda de Seguridad Aeroportuaria una joven de 21 a\u00f1os que intentaba transportar una valija con 55 kilos de coca\u00edna en el aeropuerto de Ezeiza.<\/p>\n<p>Posteriormente, fueron apresadas tres personas m\u00e1s y luego detuvieron al modelo Nicol\u00e1s G., quien hab\u00eda iniciado una relaci\u00f3n amorosa con la jefe de la organizaci\u00f3n, y a su t\u00edo.<\/p>\n<p>Seg\u00fan fuentes de la investigaci\u00f3n, la idea de Sanclemente Valencia era que cada 24 horas una modelo viajara con una valija de coca\u00edna a Canc\u00fan y por cada traslado pagaba cinco mil d\u00f3lares.<\/p>\n<p>El encargado de reclutar a las j\u00f3venes, quienes deb\u00edan ser bellas pero no llamativas, era Ariel L., otro joven que hac\u00eda propagandas publicitarias, quien tambi\u00e9n est\u00e1 procesado.<\/p>\n","protected":false},"excerpt":{"rendered":"<p>Angie Sanclemente Valencia fue detenida esta tarde en un hotel de Palermo.\u00a0Est\u00e1 acusada de formar\u00a0parte de \u00abun escal\u00f3n superior\u00bb en una banda de narcotraficantes, inform\u00f3 Maximiliano Lencina, de la PSA. La exhuberante modelo colombiana, acusada de liderar una peligrosa banda de narcotraficantes, fue detenida en la calle Paraguay al 3357, en la intersecci\u00f3n con Coronel&hellip;<\/p>\n","protected":false},"author":1,"featured_media":0,"comment_status":"open","ping_status":"open","sticky":false,"template":"","format":"standard","meta":{"footnotes":""},"categories":[22],"tags":[2626,237,2545,3494,839],"class_list":["post-6845","post","type-post","status-publish","format-standard","hentry","category-policiales","tag-angie-sanclemente-valencia","tag-detenida","tag-hotel","tag-maximiliano-lencina","tag-psa"],"_links":{"self":[{"href":"https:\/\/www.elsindical.com.ar\/notas\/wp-json\/wp\/v2\/posts\/6845","targetHints":{"allow":["GET"]}}],"collection":[{"href":"https:\/\/www.elsindical.com.ar\/notas\/wp-json\/wp\/v2\/posts"}],"about":[{"href":"https:\/\/www.elsindical.com.ar\/notas\/wp-json\/wp\/v2\/types\/post"}],"author":[{"embeddable":true,"href":"https:\/\/www.elsindical.com.ar\/notas\/wp-json\/wp\/v2\/users\/1"}],"replies":[{"embeddable":true,"href":"https:\/\/www.elsindical.com.ar\/notas\/wp-json\/wp\/v2\/comments?post=6845"}],"version-history":[{"count":2,"href":"https:\/\/www.elsindical.com.ar\/notas\/wp-json\/wp\/v2\/posts\/6845\/revisions"}],"predecessor-version":[{"id":6848,"href":"https:\/\/www.elsindical.com.ar\/notas\/wp-json\/wp\/v2\/posts\/6845\/revisions\/6848"}],"wp:attachment":[{"href":"https:\/\/www.elsindical.com.ar\/notas\/wp-json\/wp\/v2\/media?parent=6845"}],"wp:term":[{"taxonomy":"category","embeddable":true,"href":"https:\/\/www.elsindical.com.ar\/notas\/wp-json\/wp\/v2\/categories?post=6845"},{"taxonomy":"post_tag","embeddable":true,"href":"https:\/\/www.elsindical.com.ar\/notas\/wp-json\/wp\/v2\/tags?post=6845"}],"curies":[{"name":"wp","href":"https:\/\/api.w.org\/{rel}","templated":true}]}}