{"id":68351,"date":"2017-05-27T17:07:02","date_gmt":"2017-05-27T20:07:02","guid":{"rendered":"http:\/\/www.elsindical.com.ar\/notas\/?p=68351"},"modified":"2017-05-27T17:07:02","modified_gmt":"2017-05-27T20:07:02","slug":"el-escandaloso-error-historico-en-el-palco-principal-del-desfile-militar-por-el-25-de-mayo","status":"publish","type":"post","link":"https:\/\/www.elsindical.com.ar\/notas\/el-escandaloso-error-historico-en-el-palco-principal-del-desfile-militar-por-el-25-de-mayo\/","title":{"rendered":"El escandaloso error hist\u00f3rico en el palco principal del Desfile Militar por el 25 de Mayo"},"content":{"rendered":"<p><a href=\"http:\/\/www.elsindical.com.ar\/notas\/var\/www\/html\/notas\/wp-content\/uploads\/2017\/05\/error-25-de-mayo-gobierno-nacional.jpg\"><img loading=\"lazy\" decoding=\"async\" class=\"alignnone size-medium wp-image-68352\" src=\"http:\/\/www.elsindical.com.ar\/notas\/var\/www\/html\/notas\/wp-content\/uploads\/2017\/05\/error-25-de-mayo-gobierno-nacional-300x215.jpg\" alt=\"\" width=\"300\" height=\"215\" srcset=\"https:\/\/www.elsindical.com.ar\/notas\/var\/www\/html\/notas\/wp-content\/uploads\/2017\/05\/error-25-de-mayo-gobierno-nacional-300x215.jpg 300w, https:\/\/www.elsindical.com.ar\/notas\/var\/www\/html\/notas\/wp-content\/uploads\/2017\/05\/error-25-de-mayo-gobierno-nacional-419x300.jpg 419w, https:\/\/www.elsindical.com.ar\/notas\/var\/www\/html\/notas\/wp-content\/uploads\/2017\/05\/error-25-de-mayo-gobierno-nacional.jpg 531w\" sizes=\"auto, (max-width: 300px) 100vw, 300px\" \/><\/a>Los desfiles militares de este s\u00e1bado en conmemoraci\u00f3n por el 25 de Mayo no dejan de sembrar pol\u00e9mica. En redes sociales varios se hicieron eco por el despliegue a\u00e9reo, llovieron las quejas por el ruido de los aviones sobrevolando la ciudad que asustaron a m\u00e1s de un desprevenido, un rato despu\u00e9s la nota la dio el palco central del acto en el Campo de Polo. Enterate aqu\u00ed porqu\u00e9 estallaron las redes.<\/p>\n<p>El palco oficial de los desfiles militares en conmemoraci\u00f3n por el 25 de Mayo pudo verse en la transmisi\u00f3n de la TV P\u00fablica y un detalle no menor hizo estallar las burlas en las redes sociales: la fecha de conmemoraci\u00f3n del festejo era err\u00f3nea.<\/p>\n<p>Cerca de las 11:15 de esta ma\u00f1ana pudo verse en la transmisi\u00f3n la imagen de un palco con las fechas correctas 1810-2017, pero m\u00e1s tarde (alrededor de las 11:50) aparece un error grosero en el palco central: 1816-2017. Esta segunda fecha corresponde a la independencia de la Argentina pero no se conmemora un 25 de Mayo sino el 9 de Julio. No fue photoshop, el error existi\u00f3 y aqu\u00ed puede verse.<\/p>\n<p><iframe loading=\"lazy\" src=\"https:\/\/www.youtube.com\/embed\/JTHpBguqUUw\" width=\"580\" height=\"420\" frameborder=\"0\" allowfullscreen=\"allowfullscreen\"><\/iframe><\/p>\n","protected":false},"excerpt":{"rendered":"<p>Los desfiles militares de este s\u00e1bado en conmemoraci\u00f3n por el 25 de Mayo no dejan de sembrar pol\u00e9mica. En redes sociales varios se hicieron eco por el despliegue a\u00e9reo, llovieron las quejas por el ruido de los aviones sobrevolando la ciudad que asustaron a m\u00e1s de un desprevenido, un rato despu\u00e9s la nota la dio&hellip;<\/p>\n","protected":false},"author":1,"featured_media":0,"comment_status":"open","ping_status":"open","sticky":false,"template":"","format":"standard","meta":{"footnotes":""},"categories":[13],"tags":[26046,26047,3139,20093],"class_list":["post-68351","post","type-post","status-publish","format-standard","hentry","category-politica","tag-campo-de-polo","tag-delfiles-militares","tag-festejos","tag-tv-publica"],"_links":{"self":[{"href":"https:\/\/www.elsindical.com.ar\/notas\/wp-json\/wp\/v2\/posts\/68351","targetHints":{"allow":["GET"]}}],"collection":[{"href":"https:\/\/www.elsindical.com.ar\/notas\/wp-json\/wp\/v2\/posts"}],"about":[{"href":"https:\/\/www.elsindical.com.ar\/notas\/wp-json\/wp\/v2\/types\/post"}],"author":[{"embeddable":true,"href":"https:\/\/www.elsindical.com.ar\/notas\/wp-json\/wp\/v2\/users\/1"}],"replies":[{"embeddable":true,"href":"https:\/\/www.elsindical.com.ar\/notas\/wp-json\/wp\/v2\/comments?post=68351"}],"version-history":[{"count":1,"href":"https:\/\/www.elsindical.com.ar\/notas\/wp-json\/wp\/v2\/posts\/68351\/revisions"}],"predecessor-version":[{"id":68353,"href":"https:\/\/www.elsindical.com.ar\/notas\/wp-json\/wp\/v2\/posts\/68351\/revisions\/68353"}],"wp:attachment":[{"href":"https:\/\/www.elsindical.com.ar\/notas\/wp-json\/wp\/v2\/media?parent=68351"}],"wp:term":[{"taxonomy":"category","embeddable":true,"href":"https:\/\/www.elsindical.com.ar\/notas\/wp-json\/wp\/v2\/categories?post=68351"},{"taxonomy":"post_tag","embeddable":true,"href":"https:\/\/www.elsindical.com.ar\/notas\/wp-json\/wp\/v2\/tags?post=68351"}],"curies":[{"name":"wp","href":"https:\/\/api.w.org\/{rel}","templated":true}]}}