{"id":68328,"date":"2017-05-26T18:31:00","date_gmt":"2017-05-26T21:31:00","guid":{"rendered":"http:\/\/www.elsindical.com.ar\/notas\/?p=68328"},"modified":"2017-05-26T18:31:00","modified_gmt":"2017-05-26T21:31:00","slug":"ate-denuncia-que-funcionario-del-pro-marcho-y-agredio-a-trabajadores-junto-a-cecilia-pando","status":"publish","type":"post","link":"https:\/\/www.elsindical.com.ar\/notas\/ate-denuncia-que-funcionario-del-pro-marcho-y-agredio-a-trabajadores-junto-a-cecilia-pando\/","title":{"rendered":"ATE denuncia que funcionario del PRO marcho y agredi\u00f3 a trabajadores junto a Cecilia Pando"},"content":{"rendered":"<p><em>\u00a0 <a href=\"http:\/\/www.elsindical.com.ar\/notas\/var\/www\/html\/notas\/wp-content\/uploads\/2017\/05\/Segundo-Caraf\u00ed.jpg\"><img loading=\"lazy\" decoding=\"async\" class=\"alignnone size-medium wp-image-68329\" src=\"http:\/\/www.elsindical.com.ar\/notas\/var\/www\/html\/notas\/wp-content\/uploads\/2017\/05\/Segundo-Caraf\u00ed-300x140.jpg\" alt=\"\" width=\"300\" height=\"140\" srcset=\"https:\/\/www.elsindical.com.ar\/notas\/var\/www\/html\/notas\/wp-content\/uploads\/2017\/05\/Segundo-Caraf\u00ed-300x140.jpg 300w, https:\/\/www.elsindical.com.ar\/notas\/var\/www\/html\/notas\/wp-content\/uploads\/2017\/05\/Segundo-Caraf\u00ed-768x358.jpg 768w, https:\/\/www.elsindical.com.ar\/notas\/var\/www\/html\/notas\/wp-content\/uploads\/2017\/05\/Segundo-Caraf\u00ed-1024x477.jpg 1024w, https:\/\/www.elsindical.com.ar\/notas\/var\/www\/html\/notas\/wp-content\/uploads\/2017\/05\/Segundo-Caraf\u00ed-500x233.jpg 500w\" sizes=\"auto, (max-width: 300px) 100vw, 300px\" \/><\/a>Desde el Consejo Directivo de\u00a0<strong>ATE Capital<\/strong>\u00a0repudiamos los hechos violentos protagonizados por grupos pro genocidas, encabezados por Cecilia Pando, hacia trabajadoras y trabajadores estatales organizados en ATE.<\/em><\/p>\n<p>El mi\u00e9rcoles 24 de mayo, las y los trabajadores del Ministerio de Justicia y Derechos Humanos de la Naci\u00f3n fueron agredidos ferozmente por un grupo negacionista que reivindica a los criminales que llevaron a cabo un plan de exterminio desde el Estado durante la \u00faltima dictadura c\u00edvico militar, comandados por la tristemente c\u00e9lebre Cecilia Pando.<\/p>\n<p>Los trabajadores se encontraban realizando una asamblea en el marco de la Jornada de Lucha convocada desde<strong>\u00a0ATE Capital\u00a0<\/strong>en rechazo a la penosa paritaria que el Gobierno busca imponer, con una suba salarial del 20 por ciento en tres cuotas no acumulativas, condicionando el salario a nuevas imposiciones de presentismo y productividad que violan nuestro convenio colectivo de trabajo.<\/p>\n<p>La infanter\u00eda de la Polic\u00eda Federal sali\u00f3 del ministerio para reprimir con gas pimienta, palos y golpes a los trabajadores, y as\u00ed garantizar el ingreso de Pando y sus secuaces al Ministerio. All\u00ed fueron recibidos por el ministro Germ\u00e1n Garavano, a quien entregaron un petitorio solicitando la libertad de Emilio Nani, un represor condenado, y la de todos los genocidas presos.<\/p>\n<p>La Asamblea Unificada de trabajadores y trabajadoras de Justicia y Derechos Humanos, adem\u00e1s del rechazo de las paritarias, ten\u00eda el objetivo de visibilizar los reclamos del personal del sector Maestranza\/Servicios Generales, que desde hace m\u00e1s de tres meses exige una equiparaci\u00f3n de su salario que los saque de la pobreza, ya que hoy cobran sueldos de apenas 10 mil pesos.<\/p>\n<p>En ese contexto, las y los trabajadores nucleados en\u00a0<strong>ATE Capital<\/strong>\u00a0fueron ferozmente agredidos por este grupo violento, con el aval de la Polic\u00eda Federal, que en lugar de desalojar a estos siniestros personajes defensores del genocidio, reprimi\u00f3 a los trabajadores y trabajadoras y ampar\u00f3 a los torturadores.<\/p>\n<p>Entre los adherentes de Cecilia Pando, se encontraba un joven militante del PRO, Segundo Caraf\u00ed, que film\u00f3 las agresiones sobre los trabajadores y trabajadoras, y reivindic\u00f3 en su cuenta personal de la red social Twitter a los defensores del genocidio, manifestando, en respuesta a Cecilia Pando, que\u00a0<em>\u201clos terroristas de ATE agreden a los defensores de la Rep\u00fablica, la Justicia y las instituciones\u201d<\/em>. Seg\u00fan sus redes sociales, este personaje es asesor del Ministro de Desarrollo Urbano y Transporte de la Ciudad de Buenos Aires, Franco Moccia.<\/p>\n<p>Una vez m\u00e1s, el Ministro de Justicia y Derechos Humanos de la Naci\u00f3n, Germ\u00e1n Garavano, demostr\u00f3 el sentido ideol\u00f3gico que marca el rumbo de este gobierno neoliberal, recibiendo a Cecilia Pando y otros negacionistas, quienes entregaron un petitorio a funcionarios del Ministro reclamando la libertad de sus \u201cpresos pol\u00edticos\u201d.<\/p>\n<p>Llamamos a las organizaciones sociales, pol\u00edticas y gremiales, a repudiar este nuevo hecho que atenta contra la democracia y demuestra los profundos lazos que unen a los funcionarios del actual gobierno con los genocidas y torturadores, y que implica un enorme retroceso en las pol\u00edticas de Memoria, Verdad y Justicia que nuestro pa\u00eds ha sabido transitar durante los \u00faltimos a\u00f1os, impulsado por la incansable lucha de los organismos de Derechos Humanos.<\/p>\n<p><em>Para ver m\u00e1s fotos:\u00a0<a href=\"http:\/\/atecapital.org\/noticia\/256\">http:\/\/atecapital.org\/noticia\/256<\/a><\/em><\/p>\n","protected":false},"excerpt":{"rendered":"<p>\u00a0 Desde el Consejo Directivo de\u00a0ATE Capital\u00a0repudiamos los hechos violentos protagonizados por grupos pro genocidas, encabezados por Cecilia Pando, hacia trabajadoras y trabajadores estatales organizados en ATE. El mi\u00e9rcoles 24 de mayo, las y los trabajadores del Ministerio de Justicia y Derechos Humanos de la Naci\u00f3n fueron agredidos ferozmente por un grupo negacionista que reivindica&hellip;<\/p>\n","protected":false},"author":1,"featured_media":0,"comment_status":"open","ping_status":"open","sticky":false,"template":"","format":"standard","meta":{"footnotes":""},"categories":[6],"tags":[1117,290,328,26041],"class_list":["post-68328","post","type-post","status-publish","format-standard","hentry","category-denuncias","tag-agresiones","tag-ate","tag-pro","tag-segundo-carafi"],"_links":{"self":[{"href":"https:\/\/www.elsindical.com.ar\/notas\/wp-json\/wp\/v2\/posts\/68328","targetHints":{"allow":["GET"]}}],"collection":[{"href":"https:\/\/www.elsindical.com.ar\/notas\/wp-json\/wp\/v2\/posts"}],"about":[{"href":"https:\/\/www.elsindical.com.ar\/notas\/wp-json\/wp\/v2\/types\/post"}],"author":[{"embeddable":true,"href":"https:\/\/www.elsindical.com.ar\/notas\/wp-json\/wp\/v2\/users\/1"}],"replies":[{"embeddable":true,"href":"https:\/\/www.elsindical.com.ar\/notas\/wp-json\/wp\/v2\/comments?post=68328"}],"version-history":[{"count":1,"href":"https:\/\/www.elsindical.com.ar\/notas\/wp-json\/wp\/v2\/posts\/68328\/revisions"}],"predecessor-version":[{"id":68330,"href":"https:\/\/www.elsindical.com.ar\/notas\/wp-json\/wp\/v2\/posts\/68328\/revisions\/68330"}],"wp:attachment":[{"href":"https:\/\/www.elsindical.com.ar\/notas\/wp-json\/wp\/v2\/media?parent=68328"}],"wp:term":[{"taxonomy":"category","embeddable":true,"href":"https:\/\/www.elsindical.com.ar\/notas\/wp-json\/wp\/v2\/categories?post=68328"},{"taxonomy":"post_tag","embeddable":true,"href":"https:\/\/www.elsindical.com.ar\/notas\/wp-json\/wp\/v2\/tags?post=68328"}],"curies":[{"name":"wp","href":"https:\/\/api.w.org\/{rel}","templated":true}]}}