{"id":68161,"date":"2017-05-24T21:26:53","date_gmt":"2017-05-25T00:26:53","guid":{"rendered":"http:\/\/www.elsindical.com.ar\/notas\/?p=68161"},"modified":"2017-05-24T21:26:53","modified_gmt":"2017-05-25T00:26:53","slug":"puente-la-noria-inauguraron-el-segundo-centro-de-monitoreo-del-conurbano","status":"publish","type":"post","link":"https:\/\/www.elsindical.com.ar\/notas\/puente-la-noria-inauguraron-el-segundo-centro-de-monitoreo-del-conurbano\/","title":{"rendered":"Puente La Noria: Inauguraron el segundo centro de monitoreo del Conurbano"},"content":{"rendered":"<p class=\"bajada\"><em><a href=\"http:\/\/www.elsindical.com.ar\/notas\/var\/www\/html\/notas\/wp-content\/uploads\/2017\/05\/centro-de-monitoreo-Puente-La-Noria.jpg\"><img loading=\"lazy\" decoding=\"async\" class=\"alignnone size-medium wp-image-68163\" src=\"http:\/\/www.elsindical.com.ar\/notas\/var\/www\/html\/notas\/wp-content\/uploads\/2017\/05\/centro-de-monitoreo-Puente-La-Noria-300x164.jpg\" alt=\"\" width=\"300\" height=\"164\" srcset=\"https:\/\/www.elsindical.com.ar\/notas\/var\/www\/html\/notas\/wp-content\/uploads\/2017\/05\/centro-de-monitoreo-Puente-La-Noria-300x164.jpg 300w, https:\/\/www.elsindical.com.ar\/notas\/var\/www\/html\/notas\/wp-content\/uploads\/2017\/05\/centro-de-monitoreo-Puente-La-Noria-500x273.jpg 500w, https:\/\/www.elsindical.com.ar\/notas\/var\/www\/html\/notas\/wp-content\/uploads\/2017\/05\/centro-de-monitoreo-Puente-La-Noria.jpg 640w\" sizes=\"auto, (max-width: 300px) 100vw, 300px\" \/><\/a>\u00a0 Ubicado sobre la Avenida General Paz forma parte del Anillo Digital en el marco del Plan Integral de Seguridad AMBA. El acto estuvo encabezado por el jefe del Gobierno porte\u00f1o, Horacio Rodr\u00edguez Larreta, y el jefe de la Polic\u00eda Bonaerense, Fabi\u00e1n Perroni, entre otras autoridades.<\/em><\/p>\n<p>Desde el Centro se controla el tr\u00e1nsito de autom\u00f3viles entre la ciudad de Buenos Aires y el Conurbano bonaerense, para detectar veh\u00edculos robados o con pedido de secuestro.<\/p>\n<p>Est\u00e1 ubicado en la avenida General Paz al 2588, en la mano que va a la provincia, a cien metros del Puente la Noria y cuenta con un sistema de gesti\u00f3n de im\u00e1genes que permite almacenar en una base de datos la patente, una imagen y la ubicaci\u00f3n del auto en circulaci\u00f3n, o bien cargar una patente y que el sistema reporte si detecta alguna problema con la Justicia o bien alg\u00fan pedido de captura.<\/p>\n<p>Adem\u00e1s, tiene un muro formado por 32 pantallas para visualizar una o varias c\u00e1maras simult\u00e1neamente a lo largo de la avenida General Paz desde Puente La Noria hasta la zona norte.<\/p>\n<p>\u00abEstamos avanzando con el anillo digital de General Paz Sur al R\u00edo de la Plata. Tenemos el primer sistema de lectura que ayudan a identificar las patentes y ver si el rodado tienen pedido de secuestro de alg\u00fan lugar de la provincia y tambi\u00e9n la Ciudad\u00bb, resalt\u00f3 Rodr\u00edguez Larreta en la inauguraci\u00f3n.<\/p>\n<p>Al acto tambi\u00e9n asistieron el vicejefe del gobierno porte\u00f1o, Diego Santilli; el ministro de Seguridad y Justicia, Mart\u00edn Ocampo; y el jefe de la Polic\u00eda Bonaerense, Comisario General Fabi\u00e1n Perroni.<\/p>\n<p>El primer Centro de Monitoreo se inaugur\u00f3 el 3 de abril y est\u00e1 ubicado en el l\u00edmite norte entre Vicente L\u00f3pez y Capital Federal.<\/p>\n<p><a href=\"http:\/\/www.elsindical.com.ar\/notas\/var\/www\/html\/notas\/wp-content\/uploads\/2017\/05\/centro-de-monitoreo-zona-norte.jpg\"><img loading=\"lazy\" decoding=\"async\" class=\"alignnone size-medium wp-image-68162\" src=\"http:\/\/www.elsindical.com.ar\/notas\/var\/www\/html\/notas\/wp-content\/uploads\/2017\/05\/centro-de-monitoreo-zona-norte-300x164.jpg\" alt=\"\" width=\"300\" height=\"164\" srcset=\"https:\/\/www.elsindical.com.ar\/notas\/var\/www\/html\/notas\/wp-content\/uploads\/2017\/05\/centro-de-monitoreo-zona-norte-300x164.jpg 300w, https:\/\/www.elsindical.com.ar\/notas\/var\/www\/html\/notas\/wp-content\/uploads\/2017\/05\/centro-de-monitoreo-zona-norte-500x273.jpg 500w, https:\/\/www.elsindical.com.ar\/notas\/var\/www\/html\/notas\/wp-content\/uploads\/2017\/05\/centro-de-monitoreo-zona-norte.jpg 640w\" sizes=\"auto, (max-width: 300px) 100vw, 300px\" \/><\/a><\/p>\n","protected":false},"excerpt":{"rendered":"<p>\u00a0 Ubicado sobre la Avenida General Paz forma parte del Anillo Digital en el marco del Plan Integral de Seguridad AMBA. El acto estuvo encabezado por el jefe del Gobierno porte\u00f1o, Horacio Rodr\u00edguez Larreta, y el jefe de la Polic\u00eda Bonaerense, Fabi\u00e1n Perroni, entre otras autoridades. Desde el Centro se controla el tr\u00e1nsito de autom\u00f3viles&hellip;<\/p>\n","protected":false},"author":1,"featured_media":0,"comment_status":"open","ping_status":"open","sticky":false,"template":"","format":"standard","meta":{"footnotes":""},"categories":[13],"tags":[3468,26012,18088],"class_list":["post-68161","post","type-post","status-publish","format-standard","hentry","category-politica","tag-amba","tag-anillo-digital-de-seguridad","tag-puente-la-noria"],"_links":{"self":[{"href":"https:\/\/www.elsindical.com.ar\/notas\/wp-json\/wp\/v2\/posts\/68161","targetHints":{"allow":["GET"]}}],"collection":[{"href":"https:\/\/www.elsindical.com.ar\/notas\/wp-json\/wp\/v2\/posts"}],"about":[{"href":"https:\/\/www.elsindical.com.ar\/notas\/wp-json\/wp\/v2\/types\/post"}],"author":[{"embeddable":true,"href":"https:\/\/www.elsindical.com.ar\/notas\/wp-json\/wp\/v2\/users\/1"}],"replies":[{"embeddable":true,"href":"https:\/\/www.elsindical.com.ar\/notas\/wp-json\/wp\/v2\/comments?post=68161"}],"version-history":[{"count":1,"href":"https:\/\/www.elsindical.com.ar\/notas\/wp-json\/wp\/v2\/posts\/68161\/revisions"}],"predecessor-version":[{"id":68164,"href":"https:\/\/www.elsindical.com.ar\/notas\/wp-json\/wp\/v2\/posts\/68161\/revisions\/68164"}],"wp:attachment":[{"href":"https:\/\/www.elsindical.com.ar\/notas\/wp-json\/wp\/v2\/media?parent=68161"}],"wp:term":[{"taxonomy":"category","embeddable":true,"href":"https:\/\/www.elsindical.com.ar\/notas\/wp-json\/wp\/v2\/categories?post=68161"},{"taxonomy":"post_tag","embeddable":true,"href":"https:\/\/www.elsindical.com.ar\/notas\/wp-json\/wp\/v2\/tags?post=68161"}],"curies":[{"name":"wp","href":"https:\/\/api.w.org\/{rel}","templated":true}]}}