{"id":68138,"date":"2017-05-24T00:39:47","date_gmt":"2017-05-24T03:39:47","guid":{"rendered":"http:\/\/www.elsindical.com.ar\/notas\/?p=68138"},"modified":"2017-05-24T00:39:47","modified_gmt":"2017-05-24T03:39:47","slug":"tiroteo-en-pleno-microcentro-porteno-deja-tres-heridos","status":"publish","type":"post","link":"https:\/\/www.elsindical.com.ar\/notas\/tiroteo-en-pleno-microcentro-porteno-deja-tres-heridos\/","title":{"rendered":"Tiroteo en pleno microcentro porte\u00f1o deja tres heridos"},"content":{"rendered":"<p><em><span class=\"text description col-xs-8 col-lg-9\"><a href=\"http:\/\/www.elsindical.com.ar\/notas\/var\/www\/html\/notas\/wp-content\/uploads\/2017\/05\/tiroteo-Micro-Centro.jpg\"><img loading=\"lazy\" decoding=\"async\" class=\"alignnone size-medium wp-image-68139\" src=\"http:\/\/www.elsindical.com.ar\/notas\/var\/www\/html\/notas\/wp-content\/uploads\/2017\/05\/tiroteo-Micro-Centro-300x179.jpg\" alt=\"\" width=\"300\" height=\"179\" srcset=\"https:\/\/www.elsindical.com.ar\/notas\/var\/www\/html\/notas\/wp-content\/uploads\/2017\/05\/tiroteo-Micro-Centro-300x179.jpg 300w, https:\/\/www.elsindical.com.ar\/notas\/var\/www\/html\/notas\/wp-content\/uploads\/2017\/05\/tiroteo-Micro-Centro-768x459.jpg 768w, https:\/\/www.elsindical.com.ar\/notas\/var\/www\/html\/notas\/wp-content\/uploads\/2017\/05\/tiroteo-Micro-Centro-500x300.jpg 500w, https:\/\/www.elsindical.com.ar\/notas\/var\/www\/html\/notas\/wp-content\/uploads\/2017\/05\/tiroteo-Micro-Centro.jpg 936w\" sizes=\"auto, (max-width: 300px) 100vw, 300px\" \/><\/a>\u00a0 El confuso episodio deriv\u00f3 en un enfrentamiento armado entre un ex polic\u00eda con los motochorros que acababan de cometer un il\u00edcito. Hay una mujer de 40 a\u00f1os herida de bala. Fue internada en el Hospital Rivadavia.<\/span><\/em><\/p>\n<p>Durante la tarde de este lunes, se produjo un violento tiroteo en pleno microcentro\u00a0porte\u00f1o. El hecho tuvo lugar en la intersecci\u00f3n de las calles Marcelo T. de Alvear\u00a0y Suipacha.<\/p>\n<p>De acuerdo a las primeras informaciones, el enfrentamiento armado se dio entre un ex polic\u00eda que trat\u00f3 de impedir un il\u00edcito perpetrado por motochorros.<\/p>\n<p>Todo indica que una persona ven\u00eda caminando junto a su custodio en momentos en que fueron atacados por dos sujetos que circulaban en moto por las inmediaciones.<\/p>\n<p>El custodio en cuesti\u00f3n es un polic\u00eda retirado que extrajo su arma y efectu\u00f3 un disparo que dio en el tobillo de una mujer de 40 a\u00f1os, que fue r\u00e1pidamente asistida por personal del SAME y llevada al Hospital Rivadavia.<\/p>\n","protected":false},"excerpt":{"rendered":"<p>\u00a0 El confuso episodio deriv\u00f3 en un enfrentamiento armado entre un ex polic\u00eda con los motochorros que acababan de cometer un il\u00edcito. Hay una mujer de 40 a\u00f1os herida de bala. Fue internada en el Hospital Rivadavia. Durante la tarde de este lunes, se produjo un violento tiroteo en pleno microcentro\u00a0porte\u00f1o. El hecho tuvo lugar&hellip;<\/p>\n","protected":false},"author":1,"featured_media":0,"comment_status":"open","ping_status":"open","sticky":false,"template":"","format":"standard","meta":{"footnotes":""},"categories":[22],"tags":[3331,26007,308,238],"class_list":["post-68138","post","type-post","status-publish","format-standard","hentry","category-policiales","tag-hospital-rivadavia","tag-micro-centro","tag-motochorros","tag-tiroteo"],"_links":{"self":[{"href":"https:\/\/www.elsindical.com.ar\/notas\/wp-json\/wp\/v2\/posts\/68138","targetHints":{"allow":["GET"]}}],"collection":[{"href":"https:\/\/www.elsindical.com.ar\/notas\/wp-json\/wp\/v2\/posts"}],"about":[{"href":"https:\/\/www.elsindical.com.ar\/notas\/wp-json\/wp\/v2\/types\/post"}],"author":[{"embeddable":true,"href":"https:\/\/www.elsindical.com.ar\/notas\/wp-json\/wp\/v2\/users\/1"}],"replies":[{"embeddable":true,"href":"https:\/\/www.elsindical.com.ar\/notas\/wp-json\/wp\/v2\/comments?post=68138"}],"version-history":[{"count":1,"href":"https:\/\/www.elsindical.com.ar\/notas\/wp-json\/wp\/v2\/posts\/68138\/revisions"}],"predecessor-version":[{"id":68140,"href":"https:\/\/www.elsindical.com.ar\/notas\/wp-json\/wp\/v2\/posts\/68138\/revisions\/68140"}],"wp:attachment":[{"href":"https:\/\/www.elsindical.com.ar\/notas\/wp-json\/wp\/v2\/media?parent=68138"}],"wp:term":[{"taxonomy":"category","embeddable":true,"href":"https:\/\/www.elsindical.com.ar\/notas\/wp-json\/wp\/v2\/categories?post=68138"},{"taxonomy":"post_tag","embeddable":true,"href":"https:\/\/www.elsindical.com.ar\/notas\/wp-json\/wp\/v2\/tags?post=68138"}],"curies":[{"name":"wp","href":"https:\/\/api.w.org\/{rel}","templated":true}]}}