{"id":68105,"date":"2017-05-23T15:31:57","date_gmt":"2017-05-23T18:31:57","guid":{"rendered":"http:\/\/www.elsindical.com.ar\/notas\/?p=68105"},"modified":"2017-05-23T15:31:57","modified_gmt":"2017-05-23T18:31:57","slug":"jujuy-cadaver-incinerado-es-de-joven-desaparecida","status":"publish","type":"post","link":"https:\/\/www.elsindical.com.ar\/notas\/jujuy-cadaver-incinerado-es-de-joven-desaparecida\/","title":{"rendered":"Jujuy: Cad\u00e1ver incinerado es de joven desaparecida"},"content":{"rendered":"<p><em>\u00a0\u00a0 <a href=\"http:\/\/www.elsindical.com.ar\/notas\/var\/www\/html\/notas\/wp-content\/uploads\/2017\/05\/Alejandra-Ver\u00f3nica-Oscari.jpg\"><img loading=\"lazy\" decoding=\"async\" class=\"alignnone size-medium wp-image-68106\" src=\"http:\/\/www.elsindical.com.ar\/notas\/var\/www\/html\/notas\/wp-content\/uploads\/2017\/05\/Alejandra-Ver\u00f3nica-Oscari-300x158.jpg\" alt=\"\" width=\"300\" height=\"158\" srcset=\"https:\/\/www.elsindical.com.ar\/notas\/var\/www\/html\/notas\/wp-content\/uploads\/2017\/05\/Alejandra-Ver\u00f3nica-Oscari-300x158.jpg 300w, https:\/\/www.elsindical.com.ar\/notas\/var\/www\/html\/notas\/wp-content\/uploads\/2017\/05\/Alejandra-Ver\u00f3nica-Oscari-500x263.jpg 500w, https:\/\/www.elsindical.com.ar\/notas\/var\/www\/html\/notas\/wp-content\/uploads\/2017\/05\/Alejandra-Ver\u00f3nica-Oscari.jpg 680w\" sizes=\"auto, (max-width: 300px) 100vw, 300px\" \/><\/a>Se confirm\u00f3 que el cuerpo hallado\u00a0el 5 de mayo\u00a0a la vera de una ruta de la ciudad de San Pedro de Jujuy pertenece a <strong>Alejandra Ver\u00f3nica Oscari<\/strong>. Por el crimen\u00a0est\u00e1 detenido el pap\u00e1 de la chica\u00a0de 22 a\u00f1os.<\/em><\/p>\n<p>El cuerpo incinerado encontrado el 5 de mayo\u00a0a la vera de una ruta de la ciudad de San Pedro de Jujuy pertenece a<strong> Alejandra Ver\u00f3nica Oscari<\/strong>, una joven de 22 a\u00f1os que estaba desaparecida y por cuyo femicidio fue detenido su padre, informaron hoy autoridades judiciales.<\/p>\n<p>El fiscal de San Pedro a cargo de la causa, <strong>Ernesto Res\u00faa<\/strong>, quien dijo que la identidad de la v\u00edctima fue confirmada por estudios de ADN.<\/p>\n<p><em>\u00abSe dio a conocer el resultado de ADN y se pudo confirmar que el cuerpo hallado es de Alejandra Oscari\u00bb<\/em>, manifest\u00f3 el fiscal esta ma\u00f1ana de martes en una conferencia de prensa.<\/p>\n<p>Por el hecho est\u00e1 detenido el padre de la joven, <strong>H\u00e9ctor Ra\u00fal Oscari<\/strong>, acusado de homicidio agravado por femicidio, ya que fue la \u00faltima persona que vio con vida a la v\u00edctima.<\/p>\n<p><em>\u00abLa noche del 4\u00a0de mayo, tras una pelea, (la joven) qued\u00f3 inconsciente y fue llevada al lugar donde fue encontrada. Previamente, el autor, que nosotros creemos que ser\u00eda el padre, le prendi\u00f3 fuego y la inciner\u00f3\u00bb,<\/em> dijo Res\u00faa.<\/p>\n<p>El fiscal aclar\u00f3 que esa hip\u00f3tesis se apoya en las declaraciones testimoniales recogidas en el expediente y alguna pruebas obtenidas durante la pesquisa.<\/p>\n<p><em>\u00abAhora que pudimos determinar que el cuerpo encontrado es de Alejandra Oscari, vamos a determinar la supuesta paternidad del inculpado\u00bb<\/em>, refiri\u00f3 el fiscal en referencia a que para poder proseguir con la acusaci\u00f3n y eventualmente agravar el homicidio por el v\u00ednculo es necesario establecer fehacientemente el nexo biol\u00f3gico. Y agreg<em>\u00f3: \u201cLo que tenemos es que es la \u00faltima persona que la vio con vida. Tambi\u00e9n estamos analizando todo su n\u00facleo familiar, teniendo en cuenta que no conviv\u00eda con su madre y s\u00ed con su padre\u00bb<\/em>.<\/p>\n<p>Res\u00faa agreg\u00f3 que no descarta que otras personas puedan haber colaborado para ocultar pruebas o con la desaparici\u00f3n del cuerpo.<\/p>\n<p>Seg\u00fan la autopsia, Alejandra Oscari muri\u00f3 por asfixia con mon\u00f3xido de carbono y calcinamiento.<\/p>\n<p>El hallazgo del cuerpo de la joven se registr\u00f3 el 5 de mayo \u00faltimo, un d\u00eda despu\u00e9s de su desaparici\u00f3n, tras un llamado an\u00f3nimo al 911 que alert\u00f3 a la polic\u00eda sobre la presencia del cad\u00e1ver calcinado a la vera de la ruta nacional 34 y el cruce de la provincial 1, en el acceso a la ciudad de San Pedro.<\/p>\n","protected":false},"excerpt":{"rendered":"<p>\u00a0\u00a0 Se confirm\u00f3 que el cuerpo hallado\u00a0el 5 de mayo\u00a0a la vera de una ruta de la ciudad de San Pedro de Jujuy pertenece a Alejandra Ver\u00f3nica Oscari. Por el crimen\u00a0est\u00e1 detenido el pap\u00e1 de la chica\u00a0de 22 a\u00f1os. El cuerpo incinerado encontrado el 5 de mayo\u00a0a la vera de una ruta de la ciudad&hellip;<\/p>\n","protected":false},"author":1,"featured_media":0,"comment_status":"open","ping_status":"open","sticky":false,"template":"","format":"standard","meta":{"footnotes":""},"categories":[22],"tags":[25995,25996,25997,2570,1855],"class_list":["post-68105","post","type-post","status-publish","format-standard","hentry","category-policiales","tag-alejandra-veronica-oscari","tag-fiscal-ernesto-resua","tag-hector-raul-oscari","tag-jujuy","tag-san-pedro"],"_links":{"self":[{"href":"https:\/\/www.elsindical.com.ar\/notas\/wp-json\/wp\/v2\/posts\/68105","targetHints":{"allow":["GET"]}}],"collection":[{"href":"https:\/\/www.elsindical.com.ar\/notas\/wp-json\/wp\/v2\/posts"}],"about":[{"href":"https:\/\/www.elsindical.com.ar\/notas\/wp-json\/wp\/v2\/types\/post"}],"author":[{"embeddable":true,"href":"https:\/\/www.elsindical.com.ar\/notas\/wp-json\/wp\/v2\/users\/1"}],"replies":[{"embeddable":true,"href":"https:\/\/www.elsindical.com.ar\/notas\/wp-json\/wp\/v2\/comments?post=68105"}],"version-history":[{"count":1,"href":"https:\/\/www.elsindical.com.ar\/notas\/wp-json\/wp\/v2\/posts\/68105\/revisions"}],"predecessor-version":[{"id":68107,"href":"https:\/\/www.elsindical.com.ar\/notas\/wp-json\/wp\/v2\/posts\/68105\/revisions\/68107"}],"wp:attachment":[{"href":"https:\/\/www.elsindical.com.ar\/notas\/wp-json\/wp\/v2\/media?parent=68105"}],"wp:term":[{"taxonomy":"category","embeddable":true,"href":"https:\/\/www.elsindical.com.ar\/notas\/wp-json\/wp\/v2\/categories?post=68105"},{"taxonomy":"post_tag","embeddable":true,"href":"https:\/\/www.elsindical.com.ar\/notas\/wp-json\/wp\/v2\/tags?post=68105"}],"curies":[{"name":"wp","href":"https:\/\/api.w.org\/{rel}","templated":true}]}}