{"id":68068,"date":"2017-05-22T13:29:22","date_gmt":"2017-05-22T16:29:22","guid":{"rendered":"http:\/\/www.elsindical.com.ar\/notas\/?p=68068"},"modified":"2017-05-22T13:29:22","modified_gmt":"2017-05-22T16:29:22","slug":"lomas-de-zamora-vecino-abrio-fuego-contra-un-grupo-de-chicos-que-arrojaban-piedras-uno-grave","status":"publish","type":"post","link":"https:\/\/www.elsindical.com.ar\/notas\/lomas-de-zamora-vecino-abrio-fuego-contra-un-grupo-de-chicos-que-arrojaban-piedras-uno-grave\/","title":{"rendered":"Lomas de Zamora: Vecino abri\u00f3 fuego contra un grupo de chicos que arrojaban piedras, uno grave"},"content":{"rendered":"<p class=\"bajada\"><em>\u00a0 <a href=\"http:\/\/www.elsindical.com.ar\/notas\/var\/www\/html\/notas\/wp-content\/uploads\/2017\/05\/chico-herido-en-Bunge.jpg\"><img loading=\"lazy\" decoding=\"async\" class=\"alignnone size-medium wp-image-68069\" src=\"http:\/\/www.elsindical.com.ar\/notas\/var\/www\/html\/notas\/wp-content\/uploads\/2017\/05\/chico-herido-en-Bunge-300x141.jpg\" alt=\"\" width=\"300\" height=\"141\" srcset=\"https:\/\/www.elsindical.com.ar\/notas\/var\/www\/html\/notas\/wp-content\/uploads\/2017\/05\/chico-herido-en-Bunge-300x141.jpg 300w, https:\/\/www.elsindical.com.ar\/notas\/var\/www\/html\/notas\/wp-content\/uploads\/2017\/05\/chico-herido-en-Bunge-500x234.jpg 500w, https:\/\/www.elsindical.com.ar\/notas\/var\/www\/html\/notas\/wp-content\/uploads\/2017\/05\/chico-herido-en-Bunge.jpg 640w\" sizes=\"auto, (max-width: 300px) 100vw, 300px\" \/><\/a>Un vecino de 53 a\u00f1os le dispar\u00f3 a un grupo de chicos de entre 8 y 15 a\u00f1os que arrojaban piedras. Uno de los menores recibi\u00f3 un balazo en la cabeza y se encuentra internado en grave estado. El agresor fue detenido.<\/em><\/p>\n<p id=\"pcontnota\">El dram\u00e1tico episodio tuvo lugar este domingo en Villa Fiorito de Lomas de Zamora, cuando un vecino abri\u00f3 fuego contra un grupo de chicos de entre 8 y 15 a\u00f1os. El menor del grupo recibi\u00f3 un balazo en la cabeza y est\u00e1 internado en grave estado, seg\u00fan confirmaron fuentes judiciales.<\/p>\n<p>El hecho sucedi\u00f3 en el cruce de Quesada y Pio Baraja, a 200 metros de Camino Negro. Seg\u00fan contaron vecinos, el grupo de menores se encontraba arrojando piedras contra algunas propiedades, entre ellas, la del agresor. El hombre de 53 a\u00f1os no lo dud\u00f3 y sali\u00f3 armado.<\/p>\n<p>Abri\u00f3 fuego contra el grupo de chicos y uno de los proyectiles impact\u00f3 en la cabeza de un chiquito de 8 a\u00f1os, quien se encuentra internado en grave estado en el hospital de alta complejidad de Florencio Varela.<\/p>\n<p>La Polic\u00eda detuvo al vecino. En el allanamiento a su vivienda, ubicada unos 20 metros del lugar del ataque, encontraron un rev\u00f3lver Bagual calibre 22, que fue secuestrado.<\/p>\n<p>En los pr\u00f3ximos d\u00edas se le tomar\u00e1 declaraci\u00f3n indagatoria por parte de la Unidad Funcional de Instrucci\u00f3n (UFI) 11 del Departamento Judicial de Lomas de Zamora, a cargo de Gast\u00f3n Fern\u00e1ndez.<\/p>\n","protected":false},"excerpt":{"rendered":"<p>\u00a0 Un vecino de 53 a\u00f1os le dispar\u00f3 a un grupo de chicos de entre 8 y 15 a\u00f1os que arrojaban piedras. Uno de los menores recibi\u00f3 un balazo en la cabeza y se encuentra internado en grave estado. El agresor fue detenido. El dram\u00e1tico episodio tuvo lugar este domingo en Villa Fiorito de Lomas&hellip;<\/p>\n","protected":false},"author":1,"featured_media":0,"comment_status":"open","ping_status":"open","sticky":false,"template":"","format":"standard","meta":{"footnotes":""},"categories":[22],"tags":[99,388,746,744],"class_list":["post-68068","post","type-post","status-publish","format-standard","hentry","category-policiales","tag-chicos","tag-disparo","tag-ingeniero-budge","tag-lomas-de-zamora"],"_links":{"self":[{"href":"https:\/\/www.elsindical.com.ar\/notas\/wp-json\/wp\/v2\/posts\/68068","targetHints":{"allow":["GET"]}}],"collection":[{"href":"https:\/\/www.elsindical.com.ar\/notas\/wp-json\/wp\/v2\/posts"}],"about":[{"href":"https:\/\/www.elsindical.com.ar\/notas\/wp-json\/wp\/v2\/types\/post"}],"author":[{"embeddable":true,"href":"https:\/\/www.elsindical.com.ar\/notas\/wp-json\/wp\/v2\/users\/1"}],"replies":[{"embeddable":true,"href":"https:\/\/www.elsindical.com.ar\/notas\/wp-json\/wp\/v2\/comments?post=68068"}],"version-history":[{"count":1,"href":"https:\/\/www.elsindical.com.ar\/notas\/wp-json\/wp\/v2\/posts\/68068\/revisions"}],"predecessor-version":[{"id":68070,"href":"https:\/\/www.elsindical.com.ar\/notas\/wp-json\/wp\/v2\/posts\/68068\/revisions\/68070"}],"wp:attachment":[{"href":"https:\/\/www.elsindical.com.ar\/notas\/wp-json\/wp\/v2\/media?parent=68068"}],"wp:term":[{"taxonomy":"category","embeddable":true,"href":"https:\/\/www.elsindical.com.ar\/notas\/wp-json\/wp\/v2\/categories?post=68068"},{"taxonomy":"post_tag","embeddable":true,"href":"https:\/\/www.elsindical.com.ar\/notas\/wp-json\/wp\/v2\/tags?post=68068"}],"curies":[{"name":"wp","href":"https:\/\/api.w.org\/{rel}","templated":true}]}}