{"id":67954,"date":"2017-05-18T10:23:53","date_gmt":"2017-05-18T13:23:53","guid":{"rendered":"http:\/\/www.elsindical.com.ar\/notas\/?p=67954"},"modified":"2017-05-18T10:23:53","modified_gmt":"2017-05-18T13:23:53","slug":"la-plata-tiroteo-frente-al-domicilio-del-fiscal-cartasegna","status":"publish","type":"post","link":"https:\/\/www.elsindical.com.ar\/notas\/la-plata-tiroteo-frente-al-domicilio-del-fiscal-cartasegna\/","title":{"rendered":"La Plata: Tiroteo frente al domicilio del Fiscal Cartasegna"},"content":{"rendered":"<p><em>\u00a0\u00a0<a href=\"http:\/\/www.elsindical.com.ar\/notas\/var\/www\/html\/notas\/wp-content\/uploads\/2017\/05\/Fernando-Cartasegna.jpg\"><img loading=\"lazy\" decoding=\"async\" class=\"alignnone size-medium wp-image-67591\" src=\"http:\/\/www.elsindical.com.ar\/notas\/var\/www\/html\/notas\/wp-content\/uploads\/2017\/05\/Fernando-Cartasegna-300x190.jpg\" alt=\"\" width=\"300\" height=\"190\" srcset=\"https:\/\/www.elsindical.com.ar\/notas\/var\/www\/html\/notas\/wp-content\/uploads\/2017\/05\/Fernando-Cartasegna-300x190.jpg 300w, https:\/\/www.elsindical.com.ar\/notas\/var\/www\/html\/notas\/wp-content\/uploads\/2017\/05\/Fernando-Cartasegna-768x486.jpg 768w, https:\/\/www.elsindical.com.ar\/notas\/var\/www\/html\/notas\/wp-content\/uploads\/2017\/05\/Fernando-Cartasegna-474x300.jpg 474w, https:\/\/www.elsindical.com.ar\/notas\/var\/www\/html\/notas\/wp-content\/uploads\/2017\/05\/Fernando-Cartasegna.jpg 774w\" sizes=\"auto, (max-width: 300px) 100vw, 300px\" \/><\/a> El hecho ocurri\u00f3 cuando uno de los custodios del jurisconsulto, que investiga la causa por coimas en la Polic\u00eda Bonaerense, intent\u00f3 identificar a dos sujetos que merodeaban cerca de la vivienda que vigila, en la localidad bonaerense de Gonnet. En ese mismo momento los sospechosos abrieron fuego contra el cabo de la Federal y se dieron a la fuga.<\/em><\/p>\n<p>Un custodio del Fiscal Fernando Cartasegna se tirote\u00f3 en la ma\u00f1ana del jueves con dos desconocidos frente a la puerta de la casa del funcionario judicial, en la localidad de Gonnet, partido de La Plata, confirm\u00f3 esta ma\u00f1ana el procurador de la provincia de Buenos Aires, Julio Conte Grand.<\/p>\n<p>Seg\u00fan indic\u00f3 el procurador, \u201cun cabo de la Federal\u201d quiso identificar a dos desconocidos que aparentemente llevaban colocados \u201cchalecos antibalas o alguna cobertura semejante\u201d, luego \u201cdio la voz de alto, pidi\u00f3 que se identificaran\u201d y los hombres dispararon.<\/p>\n<p>El incidente, que se suma a la serie de intimidaciones denunciadas por el Fiscal, quien tiene a su cargo una investigaci\u00f3n conexa a la de los sobres con dinero de coimas en la Polic\u00eda Bonaerense, se registr\u00f3 alrededor de las 5.30 frente a la propiedad ubicada en la calle 505, entre 24 y 25, de Gonnet.<\/p>\n<p>Conte Grand detall\u00f3 que a\u00fan no est\u00e1n identificados los atacantes y que tampoco est\u00e1 confirmado si efectivamente \u201cfueran chalecos antibalas\u201d los que portaban.<\/p>\n<p>\u201cLa investigaci\u00f3n apunta al comienzo del episodio, a la descripci\u00f3n f\u00edsica y de los atuendos, y tambi\u00e9n al modo al que estas personas actuaron\u201d, a\u00f1adi\u00f3.<\/p>\n<p>Consultado sobre el avance de la investigaci\u00f3n por los dos ataques que sufri\u00f3 Cartasegna, uno cuando fue golpeado en la calle y otro cuando fue atado en su propio despacho en la fiscal\u00eda platense, Conte Grand aclar\u00f3 que \u201cse est\u00e1n despejando algunas dudas\u201d y que \u201cse van consolidando pruebas respecto de algunas de las hip\u00f3tesis\u201d planteadas.<\/p>\n<p>En ese sentido, adelant\u00f3 que \u201cel c\u00famulo de pruebas se consolida en base a otras hip\u00f3tesis distintas de las que fueron rumor o versi\u00f3n preliminar\u201d, vinculados a los ataques a la causa derivada de la de los comisarios, que iba a recibir Cartasegna.<\/p>\n<p>En ese expediente se investigaba a los denominados \u201ccaranchos\u201d, abogados que se dedican, por ejemplo, a intervenir en accidentes de autos para cobrar seguros, y sobre quienes se habr\u00edan encontrado v\u00ednculos con los polic\u00edas acusados de coimeros.<\/p>\n<p>Este mi\u00e9rcoles, tres polic\u00edas de La Plata fueron detenidos acusados de integrar una organizaci\u00f3n delictiva dedicada, precisamente, a lucrar con accidentes de tr\u00e1nsito. Se trata del actual titular de la comisar\u00eda de Abasto, Leandro Mart\u00edn Sarina; de un oficial de la seccional de Villa Elisa, Rodrigo Ezequiel Rocha, y del ex jefe de esa dependencia, Ra\u00fal Frare, que es uno de los imputados en la causa de los sobres de la Departamental, en la que fue excarcelado el 24 de enero pasado.<\/p>\n","protected":false},"excerpt":{"rendered":"<p>\u00a0\u00a0 El hecho ocurri\u00f3 cuando uno de los custodios del jurisconsulto, que investiga la causa por coimas en la Polic\u00eda Bonaerense, intent\u00f3 identificar a dos sujetos que merodeaban cerca de la vivienda que vigila, en la localidad bonaerense de Gonnet. En ese mismo momento los sospechosos abrieron fuego contra el cabo de la Federal y&hellip;<\/p>\n","protected":false},"author":1,"featured_media":0,"comment_status":"open","ping_status":"open","sticky":false,"template":"","format":"standard","meta":{"footnotes":""},"categories":[22],"tags":[5626,4015,239,958,238],"class_list":["post-67954","post","type-post","status-publish","format-standard","hentry","category-policiales","tag-fiscal-fernando-cartasegna","tag-gonnet","tag-la-plata","tag-policia-federal","tag-tiroteo"],"_links":{"self":[{"href":"https:\/\/www.elsindical.com.ar\/notas\/wp-json\/wp\/v2\/posts\/67954","targetHints":{"allow":["GET"]}}],"collection":[{"href":"https:\/\/www.elsindical.com.ar\/notas\/wp-json\/wp\/v2\/posts"}],"about":[{"href":"https:\/\/www.elsindical.com.ar\/notas\/wp-json\/wp\/v2\/types\/post"}],"author":[{"embeddable":true,"href":"https:\/\/www.elsindical.com.ar\/notas\/wp-json\/wp\/v2\/users\/1"}],"replies":[{"embeddable":true,"href":"https:\/\/www.elsindical.com.ar\/notas\/wp-json\/wp\/v2\/comments?post=67954"}],"version-history":[{"count":1,"href":"https:\/\/www.elsindical.com.ar\/notas\/wp-json\/wp\/v2\/posts\/67954\/revisions"}],"predecessor-version":[{"id":67955,"href":"https:\/\/www.elsindical.com.ar\/notas\/wp-json\/wp\/v2\/posts\/67954\/revisions\/67955"}],"wp:attachment":[{"href":"https:\/\/www.elsindical.com.ar\/notas\/wp-json\/wp\/v2\/media?parent=67954"}],"wp:term":[{"taxonomy":"category","embeddable":true,"href":"https:\/\/www.elsindical.com.ar\/notas\/wp-json\/wp\/v2\/categories?post=67954"},{"taxonomy":"post_tag","embeddable":true,"href":"https:\/\/www.elsindical.com.ar\/notas\/wp-json\/wp\/v2\/tags?post=67954"}],"curies":[{"name":"wp","href":"https:\/\/api.w.org\/{rel}","templated":true}]}}