{"id":67868,"date":"2017-05-15T14:45:09","date_gmt":"2017-05-15T17:45:09","guid":{"rendered":"http:\/\/www.elsindical.com.ar\/notas\/?p=67868"},"modified":"2017-05-15T14:45:09","modified_gmt":"2017-05-15T17:45:09","slug":"ciberacoso-7-de-cada-10-estudiantes-lo-padecen","status":"publish","type":"post","link":"https:\/\/www.elsindical.com.ar\/notas\/ciberacoso-7-de-cada-10-estudiantes-lo-padecen\/","title":{"rendered":"Ciberacoso: 7 de cada 10 estudiantes lo padecen"},"content":{"rendered":"<p><em><span class=\"text description col-xs-8 col-lg-9\"><a href=\"http:\/\/www.elsindical.com.ar\/notas\/var\/www\/html\/notas\/wp-content\/uploads\/2017\/05\/ciberacoso.jpg\"><img loading=\"lazy\" decoding=\"async\" class=\"alignnone size-medium wp-image-67869\" src=\"http:\/\/www.elsindical.com.ar\/notas\/var\/www\/html\/notas\/wp-content\/uploads\/2017\/05\/ciberacoso-300x166.jpg\" alt=\"\" width=\"300\" height=\"166\" srcset=\"https:\/\/www.elsindical.com.ar\/notas\/var\/www\/html\/notas\/wp-content\/uploads\/2017\/05\/ciberacoso-300x166.jpg 300w, https:\/\/www.elsindical.com.ar\/notas\/var\/www\/html\/notas\/wp-content\/uploads\/2017\/05\/ciberacoso.jpg 302w\" sizes=\"auto, (max-width: 300px) 100vw, 300px\" \/><\/a>\u00a0 Entre los tipos de agresiones mencionadas, entre j\u00f3venes de 13 y 19 a\u00f1os, figuran: denigraci\u00f3n, sonsacamiento y develamiento de informaci\u00f3n, exclusi\u00f3n y hostigamiento.<\/span><\/em><\/p>\n<p>Seis de cada diez adolescentes porte\u00f1os admitieron haber sido v\u00edctimas del ciberacoso en los \u00faltimos seis meses.<\/p>\n<p>La psic\u00f3loga y becaria doctoral del Conicet Alejandra Lanzillotti, autora del estudio \u201cSintomatolog\u00eda depresiva, autoestima y autoconcepto en estudiantes involucrados en ciberacoso\u201d, que se present\u00f3 en el reciente XXXII Congreso de la Asociaci\u00f3n de Psiquiatras Argentinos, explic\u00f3 cu\u00e1les son los tipos de acoso.<\/p>\n<p>Los tipos de agresiones recibidas mencionadas, entre j\u00f3venes de 13 y 19 a\u00f1os, fueron: denigraci\u00f3n (env\u00edos y\/o difusi\u00f3n de contenidos difamatorios), sonsacamiento y develamiento de informaci\u00f3n, exclusi\u00f3n (bloqueo o la exclusi\u00f3n deliberada de grupos online) y hostigamiento (env\u00edo reiterado de mensajes desagradables).<\/p>\n<p>Por otra parte, el 43.5% inform\u00f3 que recibi\u00f3 este tipo de agresiones \u201calgunas veces\u201d, mientras que 19,6% dijo haber sido blanco \u201cmuchas veces\u201d, en un per\u00edodo de apenas 24 semanas.<\/p>\n<p>De la encuesta realizada por Lanzillotti tambi\u00e9n se desprende que estas agresiones son bastante populares. El 43% de los alumnos informaron haber estado involucrados como \u201cemisores\u201d de alguna modalidad de agresi\u00f3n hacia compa\u00f1eros. \u201cEn la adolescencia el grupo de pares adquiere relevancia y el sentimiento de pertenencia es muy importante. Por eso las agresiones pueden resultar muy dolorosas\u201d. A tal punto que la reiteraci\u00f3n \u201cpuede abrir la puerta a que aparezcan en la v\u00edctima s\u00edntomas asociados con trastornos depresivos, ansiedad y trastornos de estr\u00e9s agudo o postraum\u00e1tico\u201d.<\/p>\n<p>Para Lanzillotti, es necesario trabajar con los adolescentes para que entiendan claramente que lo que hacen dentro \u2013y fuera\u2013 de internet tiene consecuencias y que \u00e9stas pueden ser muy dolorosas.<\/p>\n<p>\u201cInteriorizarse acerca de cada caso en particular y brindar el soporte necesario tambi\u00e9n es muy importante. Y contribuye la difusi\u00f3n de las herramientas que las apps y las redes sociales ofrecen para informar sobre maltratos y facilitar la b\u00fasqueda de ayuda\u201d, concluy\u00f3.<\/p>\n","protected":false},"excerpt":{"rendered":"<p>\u00a0 Entre los tipos de agresiones mencionadas, entre j\u00f3venes de 13 y 19 a\u00f1os, figuran: denigraci\u00f3n, sonsacamiento y develamiento de informaci\u00f3n, exclusi\u00f3n y hostigamiento. Seis de cada diez adolescentes porte\u00f1os admitieron haber sido v\u00edctimas del ciberacoso en los \u00faltimos seis meses. La psic\u00f3loga y becaria doctoral del Conicet Alejandra Lanzillotti, autora del estudio \u201cSintomatolog\u00eda depresiva,&hellip;<\/p>\n","protected":false},"author":1,"featured_media":0,"comment_status":"open","ping_status":"open","sticky":false,"template":"","format":"standard","meta":{"footnotes":""},"categories":[25],"tags":[25933,10967,5614],"class_list":["post-67868","post","type-post","status-publish","format-standard","hentry","category-sociedad","tag-alejandra-lanzillotti","tag-ciberacoso","tag-conicet"],"_links":{"self":[{"href":"https:\/\/www.elsindical.com.ar\/notas\/wp-json\/wp\/v2\/posts\/67868","targetHints":{"allow":["GET"]}}],"collection":[{"href":"https:\/\/www.elsindical.com.ar\/notas\/wp-json\/wp\/v2\/posts"}],"about":[{"href":"https:\/\/www.elsindical.com.ar\/notas\/wp-json\/wp\/v2\/types\/post"}],"author":[{"embeddable":true,"href":"https:\/\/www.elsindical.com.ar\/notas\/wp-json\/wp\/v2\/users\/1"}],"replies":[{"embeddable":true,"href":"https:\/\/www.elsindical.com.ar\/notas\/wp-json\/wp\/v2\/comments?post=67868"}],"version-history":[{"count":1,"href":"https:\/\/www.elsindical.com.ar\/notas\/wp-json\/wp\/v2\/posts\/67868\/revisions"}],"predecessor-version":[{"id":67870,"href":"https:\/\/www.elsindical.com.ar\/notas\/wp-json\/wp\/v2\/posts\/67868\/revisions\/67870"}],"wp:attachment":[{"href":"https:\/\/www.elsindical.com.ar\/notas\/wp-json\/wp\/v2\/media?parent=67868"}],"wp:term":[{"taxonomy":"category","embeddable":true,"href":"https:\/\/www.elsindical.com.ar\/notas\/wp-json\/wp\/v2\/categories?post=67868"},{"taxonomy":"post_tag","embeddable":true,"href":"https:\/\/www.elsindical.com.ar\/notas\/wp-json\/wp\/v2\/tags?post=67868"}],"curies":[{"name":"wp","href":"https:\/\/api.w.org\/{rel}","templated":true}]}}