{"id":67783,"date":"2017-05-13T08:33:12","date_gmt":"2017-05-13T11:33:12","guid":{"rendered":"http:\/\/www.elsindical.com.ar\/notas\/?p=67783"},"modified":"2017-05-13T08:33:12","modified_gmt":"2017-05-13T11:33:12","slug":"larreta-acepto-la-renuncia-de-potocar-como-jefe-de-la-policia-de-la-ciudad","status":"publish","type":"post","link":"https:\/\/www.elsindical.com.ar\/notas\/larreta-acepto-la-renuncia-de-potocar-como-jefe-de-la-policia-de-la-ciudad\/","title":{"rendered":"Larreta acept\u00f3 la renuncia de Potocar como Jefe de la Polic\u00eda de la Ciudad"},"content":{"rendered":"<p><em><a href=\"http:\/\/www.elsindical.com.ar\/notas\/var\/www\/html\/notas\/wp-content\/uploads\/2017\/04\/Potocar-y-Larreta.jpg\"><img loading=\"lazy\" decoding=\"async\" class=\"alignnone size-medium wp-image-67298\" src=\"http:\/\/www.elsindical.com.ar\/notas\/var\/www\/html\/notas\/wp-content\/uploads\/2017\/04\/Potocar-y-Larreta-300x170.jpg\" alt=\"\" width=\"300\" height=\"170\" srcset=\"https:\/\/www.elsindical.com.ar\/notas\/var\/www\/html\/notas\/wp-content\/uploads\/2017\/04\/Potocar-y-Larreta-300x170.jpg 300w, https:\/\/www.elsindical.com.ar\/notas\/var\/www\/html\/notas\/wp-content\/uploads\/2017\/04\/Potocar-y-Larreta-500x283.jpg 500w, https:\/\/www.elsindical.com.ar\/notas\/var\/www\/html\/notas\/wp-content\/uploads\/2017\/04\/Potocar-y-Larreta.jpg 738w\" sizes=\"auto, (max-width: 300px) 100vw, 300px\" \/><\/a>\u00a0\u00a0 El ya ex Jefe de la Polic\u00eda de la Ciudad, Jos\u00e9 Potocar, le present\u00f3 su dimisi\u00f3n a Horacio Rodr\u00edguez Larreta. La misma fue aceptada por el ejecutivo porte\u00f1o. La decisi\u00f3n del sospechado jefe policial llega luego que se le haya denegado la posibilidad de la excarcelaci\u00f3n.<\/em><\/p>\n<p>El detenido Comisario Jos\u00e9 Potocar, acusado de liderar una banda de polic\u00edas coimeros, renunci\u00f3 hoy al cargo de jefe de la Polic\u00eda de la Ciudad de Buenos Aires, despu\u00e9s de que le rechazaron la excarcelaci\u00f3n, y el gobierno de Horacio Rodr\u00edguez Larreta le acept\u00f3 la dimisi\u00f3n, se inform\u00f3 oficialmente.<\/p>\n<p>El Ministerio de Justicia y Seguridad emiti\u00f3 un comunicado en el que inform\u00f3 que \u201cel Gobierno le acept\u00f3 la renuncia a Jos\u00e9 Pedro Potocar como jefe de la Polic\u00eda de la Ciudad\u201d.<\/p>\n<p>\u201cPotocar present\u00f3 su dimisi\u00f3n luego de que en el d\u00eda de hoy la C\u00e1mara del Crimen porte\u00f1a rechazara el pedido de excarcelaci\u00f3n solicitado. De esta forma la conducci\u00f3n de la Polic\u00eda de la Ciudad continuar\u00e1 bajo la responsabilidad de la Secretar\u00eda de Seguridad, a cargo de Marcelo D\u2019Alessandro\u201d, explicaron.<\/p>\n","protected":false},"excerpt":{"rendered":"<p>\u00a0\u00a0 El ya ex Jefe de la Polic\u00eda de la Ciudad, Jos\u00e9 Potocar, le present\u00f3 su dimisi\u00f3n a Horacio Rodr\u00edguez Larreta. La misma fue aceptada por el ejecutivo porte\u00f1o. La decisi\u00f3n del sospechado jefe policial llega luego que se le haya denegado la posibilidad de la excarcelaci\u00f3n. El detenido Comisario Jos\u00e9 Potocar, acusado de liderar&hellip;<\/p>\n","protected":false},"author":1,"featured_media":0,"comment_status":"open","ping_status":"open","sticky":false,"template":"","format":"standard","meta":{"footnotes":""},"categories":[13],"tags":[1943,25792,25116],"class_list":["post-67783","post","type-post","status-publish","format-standard","hentry","category-politica","tag-horacio-rodriguez-larreta","tag-jose-potocar","tag-policia-de-la-ciudad-de-buenos-aires"],"_links":{"self":[{"href":"https:\/\/www.elsindical.com.ar\/notas\/wp-json\/wp\/v2\/posts\/67783","targetHints":{"allow":["GET"]}}],"collection":[{"href":"https:\/\/www.elsindical.com.ar\/notas\/wp-json\/wp\/v2\/posts"}],"about":[{"href":"https:\/\/www.elsindical.com.ar\/notas\/wp-json\/wp\/v2\/types\/post"}],"author":[{"embeddable":true,"href":"https:\/\/www.elsindical.com.ar\/notas\/wp-json\/wp\/v2\/users\/1"}],"replies":[{"embeddable":true,"href":"https:\/\/www.elsindical.com.ar\/notas\/wp-json\/wp\/v2\/comments?post=67783"}],"version-history":[{"count":1,"href":"https:\/\/www.elsindical.com.ar\/notas\/wp-json\/wp\/v2\/posts\/67783\/revisions"}],"predecessor-version":[{"id":67784,"href":"https:\/\/www.elsindical.com.ar\/notas\/wp-json\/wp\/v2\/posts\/67783\/revisions\/67784"}],"wp:attachment":[{"href":"https:\/\/www.elsindical.com.ar\/notas\/wp-json\/wp\/v2\/media?parent=67783"}],"wp:term":[{"taxonomy":"category","embeddable":true,"href":"https:\/\/www.elsindical.com.ar\/notas\/wp-json\/wp\/v2\/categories?post=67783"},{"taxonomy":"post_tag","embeddable":true,"href":"https:\/\/www.elsindical.com.ar\/notas\/wp-json\/wp\/v2\/tags?post=67783"}],"curies":[{"name":"wp","href":"https:\/\/api.w.org\/{rel}","templated":true}]}}