{"id":67743,"date":"2017-05-10T13:23:59","date_gmt":"2017-05-10T16:23:59","guid":{"rendered":"http:\/\/www.elsindical.com.ar\/notas\/?p=67743"},"modified":"2017-05-10T13:23:59","modified_gmt":"2017-05-10T16:23:59","slug":"cidh-saluda-eleccion-de-nuevo-comisionado","status":"publish","type":"post","link":"https:\/\/www.elsindical.com.ar\/notas\/cidh-saluda-eleccion-de-nuevo-comisionado\/","title":{"rendered":"CIDH saluda elecci\u00f3n de nuevo Comisionado"},"content":{"rendered":"<p><em>\u00a0\u00a0 <a href=\"http:\/\/www.elsindical.com.ar\/notas\/var\/www\/html\/notas\/wp-content\/uploads\/2017\/05\/Luis-Ernesto-Vargas-Silva.jpg\"><img loading=\"lazy\" decoding=\"async\" class=\"alignnone size-medium wp-image-67744\" src=\"http:\/\/www.elsindical.com.ar\/notas\/var\/www\/html\/notas\/wp-content\/uploads\/2017\/05\/Luis-Ernesto-Vargas-Silva-300x173.jpg\" alt=\"\" width=\"300\" height=\"173\" srcset=\"https:\/\/www.elsindical.com.ar\/notas\/var\/www\/html\/notas\/wp-content\/uploads\/2017\/05\/Luis-Ernesto-Vargas-Silva-300x173.jpg 300w, https:\/\/www.elsindical.com.ar\/notas\/var\/www\/html\/notas\/wp-content\/uploads\/2017\/05\/Luis-Ernesto-Vargas-Silva-500x289.jpg 500w, https:\/\/www.elsindical.com.ar\/notas\/var\/www\/html\/notas\/wp-content\/uploads\/2017\/05\/Luis-Ernesto-Vargas-Silva.jpg 640w\" sizes=\"auto, (max-width: 300px) 100vw, 300px\" \/><\/a>La Comisi\u00f3n Interamericana de Derechos Humanos (CIDH) saluda la elecci\u00f3n hoy de Luis Ernesto Vargas Silva como Comisionado de la CIDH por parte del Consejo Permanente de la Organizaci\u00f3n de los Estados Americanos (OEA).<\/em><\/p>\n<p>El Comisionado Luis Ernesto Vargas Silva es doctor en derecho y ciencias sociales de la Universidad Libre de Colombia, especializado en derecho de familia de la misma Universidad, y doctorando en derecho privado, derecho de la persona y de la familia de la Universidad de Zaragoza. Tiene 40 a\u00f1os de servicio en la judicatura colombiana. Fue Magistrado de la Corte Constitucional entre marzo de 2009 y febrero de 2017. Como Magistrado de la Corte Constitucional presidi\u00f3 la Sala Especial de Seguimiento creada para la ejecuci\u00f3n de la sentencia estructural T-025 de 2004 mediante la cual esa Corporaci\u00f3n declar\u00f3 un estado de cosas inconstitucional en materia de desplazamiento forzado. En esta labor, materializ\u00f3 su compromiso con la constataci\u00f3n judicial del avance, rezago o retroceso en la superaci\u00f3n de la vulneraci\u00f3n sistem\u00e1tica de los derechos fundamentales de la poblaci\u00f3n desplazada. En 2014, durante su periodo constitucional, fue designado presidente de la Corte Constitucional. Es autor de numerosos ensayos en derecho procesal, de un libro sobre la reforma al c\u00f3digo de procedimiento civil colombiano, as\u00ed como de una colecci\u00f3n de monograf\u00edas sobre derecho Constitucional.<\/p>\n<p>El periodo para el cual fue electo el Comisionado Luis Ernesto Vargas Silva culmina el 31 de diciembre de 2019. Su candidatura fue presentada por Colombia a fin de llenar la vacante producida por la renuncia del Comisionado Enrique Gil Botero, el 9 de marzo de 2017, tras haber sido designado Ministro de Justicia en su pa\u00eds. Enrique Gil Botero hab\u00eda sido elegido Comisionado en junio de 2015 por la Asamblea General de la OEA, para un per\u00edodo de cuatro a\u00f1os que inici\u00f3 el 1 de enero de 2016 y cuyo t\u00e9rmino era originalmente el 31 de diciembre de 2019. El Comisionado Vargas Silva fue seleccionado el 10 de mayo de 2017 por el Consejo Permanente de la OEA para completar ese per\u00edodo de gesti\u00f3n.<\/p>\n<p>\u201cEs un gran honor haber sido elegido como Comisionado de la CIDH, un puesto tan relevante para la protecci\u00f3n y promoci\u00f3n de los derechos humanos en los pa\u00edses del continente americano. Como Comisionado pongo mi experiencia como juez al servicio de los usuarios del Sistema Interamericano de Derechos Humanos, v\u00edctimas y Estados. Trabajar\u00e9 por mejorar la efectividad del Sistema y por avanzar en una cultura de respeto a los derechos humanos en todos los pa\u00edses miembros de la Organizaci\u00f3n\u201d, dijo Luis Ernesto Vargas Silva al ser elegido.<\/p>\n<p>La CIDH es un \u00f3rgano principal y aut\u00f3nomo de la Organizaci\u00f3n de los Estados Americanos (OEA), cuyo mandato surge de la Carta de la OEA y de la Convenci\u00f3n Americana sobre Derechos Humanos. La Comisi\u00f3n Interamericana tiene el mandato de promover la observancia de los derechos humanos en la regi\u00f3n y act\u00faa como \u00f3rgano consultivo de la OEA en la materia. La CIDH est\u00e1 integrada por siete miembros independientes que son elegidos por la Asamblea General de la OEA a t\u00edtulo personal, y no representan sus pa\u00edses de origen o residencia.<\/p>\n<p>Datos de contacto:<br \/>\nMar\u00eda Isabel Rivero | Oficina de Prensa y Comunicaci\u00f3n de la CIDH<br \/>\n<a href=\"mailto:cidh-prensa@oas.org\">cidh-prensa@oas.org<\/a><\/p>\n<p>Nuestra direcci\u00f3n de correo postal es:<br \/>\nCIDH \/ IACHR<br \/>\nSede \/ Headquarters<br \/>\n1889 F Street NW<br \/>\nWashington, D.C. 20006<\/p>\n","protected":false},"excerpt":{"rendered":"<p>\u00a0\u00a0 La Comisi\u00f3n Interamericana de Derechos Humanos (CIDH) saluda la elecci\u00f3n hoy de Luis Ernesto Vargas Silva como Comisionado de la CIDH por parte del Consejo Permanente de la Organizaci\u00f3n de los Estados Americanos (OEA). El Comisionado Luis Ernesto Vargas Silva es doctor en derecho y ciencias sociales de la Universidad Libre de Colombia, especializado&hellip;<\/p>\n","protected":false},"author":1,"featured_media":0,"comment_status":"open","ping_status":"open","sticky":false,"template":"","format":"standard","meta":{"footnotes":""},"categories":[8],"tags":[5139,4091,12972],"class_list":["post-67743","post","type-post","status-publish","format-standard","hentry","category-derechos-humanos","tag-cidh","tag-comisionado","tag-oea"],"_links":{"self":[{"href":"https:\/\/www.elsindical.com.ar\/notas\/wp-json\/wp\/v2\/posts\/67743","targetHints":{"allow":["GET"]}}],"collection":[{"href":"https:\/\/www.elsindical.com.ar\/notas\/wp-json\/wp\/v2\/posts"}],"about":[{"href":"https:\/\/www.elsindical.com.ar\/notas\/wp-json\/wp\/v2\/types\/post"}],"author":[{"embeddable":true,"href":"https:\/\/www.elsindical.com.ar\/notas\/wp-json\/wp\/v2\/users\/1"}],"replies":[{"embeddable":true,"href":"https:\/\/www.elsindical.com.ar\/notas\/wp-json\/wp\/v2\/comments?post=67743"}],"version-history":[{"count":1,"href":"https:\/\/www.elsindical.com.ar\/notas\/wp-json\/wp\/v2\/posts\/67743\/revisions"}],"predecessor-version":[{"id":67745,"href":"https:\/\/www.elsindical.com.ar\/notas\/wp-json\/wp\/v2\/posts\/67743\/revisions\/67745"}],"wp:attachment":[{"href":"https:\/\/www.elsindical.com.ar\/notas\/wp-json\/wp\/v2\/media?parent=67743"}],"wp:term":[{"taxonomy":"category","embeddable":true,"href":"https:\/\/www.elsindical.com.ar\/notas\/wp-json\/wp\/v2\/categories?post=67743"},{"taxonomy":"post_tag","embeddable":true,"href":"https:\/\/www.elsindical.com.ar\/notas\/wp-json\/wp\/v2\/tags?post=67743"}],"curies":[{"name":"wp","href":"https:\/\/api.w.org\/{rel}","templated":true}]}}