{"id":67706,"date":"2017-05-09T12:22:17","date_gmt":"2017-05-09T15:22:17","guid":{"rendered":"http:\/\/www.elsindical.com.ar\/notas\/?p=67706"},"modified":"2017-05-09T12:22:17","modified_gmt":"2017-05-09T15:22:17","slug":"oficializaron-a-ralph-haiek-como-presidente-del-incaa","status":"publish","type":"post","link":"https:\/\/www.elsindical.com.ar\/notas\/oficializaron-a-ralph-haiek-como-presidente-del-incaa\/","title":{"rendered":"Oficializaron a Ralph Haiek como presidente del INCAA"},"content":{"rendered":"<p><em>\u00a0 <a href=\"http:\/\/www.elsindical.com.ar\/notas\/var\/www\/html\/notas\/wp-content\/uploads\/2017\/05\/Ralph-Haiek.jpg\"><img loading=\"lazy\" decoding=\"async\" class=\"alignnone size-medium wp-image-67707\" src=\"http:\/\/www.elsindical.com.ar\/notas\/var\/www\/html\/notas\/wp-content\/uploads\/2017\/05\/Ralph-Haiek-300x170.jpg\" alt=\"\" width=\"300\" height=\"170\" srcset=\"https:\/\/www.elsindical.com.ar\/notas\/var\/www\/html\/notas\/wp-content\/uploads\/2017\/05\/Ralph-Haiek-300x170.jpg 300w, https:\/\/www.elsindical.com.ar\/notas\/var\/www\/html\/notas\/wp-content\/uploads\/2017\/05\/Ralph-Haiek-500x283.jpg 500w, https:\/\/www.elsindical.com.ar\/notas\/var\/www\/html\/notas\/wp-content\/uploads\/2017\/05\/Ralph-Haiek.jpg 591w\" sizes=\"auto, (max-width: 300px) 100vw, 300px\" \/><\/a>Seg\u00fan la norma publicada en el Bolet\u00edn Oficial, el licenciado en Econom\u00eda \u00abre\u00fane la experiencia requerida para el desempe\u00f1o del cargo\u00bb y su mandato durar\u00e1 cuatro a\u00f1os, que podr\u00e1n ser prorrogado por el Poder Ejecutivo.<\/em><\/p>\n<p>El Gobierno oficializ\u00f3 la designaci\u00f3n de Ralph Douglas Haiek como nuevo presidente del Instituto Nacional de Cine y Artes Audiovisuales (INCAA), luego de la salida de Alejandro Cacetta vinculada a distintos casos de corrupci\u00f3n.<\/p>\n<p>El nombramiento fue comunicado en el Bolet\u00edn Oficial con la publicaci\u00f3n del Decreto 324\/2017, que lleva las firmas del presidente Mauricio Macri y del ministro de Cultura, Pablo Avelluto.<\/p>\n<p>Seg\u00fan la norma, Haiek \u00abre\u00fane la experiencia requerida para el desempe\u00f1o del cargo\u00bb y su mandato durar\u00e1 cuatro a\u00f1os, que podr\u00e1n ser prorrogado por el Poder Ejecutivo.<\/p>\n<p>Licenciado en Econom\u00eda y master en Administraci\u00f3n de Empresas, Haiek ingres\u00f3 al organismo en 2016 junto a Cacetta, quien fue removido de su cargo luego de que un programa televisivo revelara supuestos desmanejos en el organismo durante su gesti\u00f3n.<\/p>\n<p>&nbsp;<\/p>\n<p>Entre otras cosas, el nuevo presidente del INCAA estuvo a cargo de las se\u00f1ales I.Sat, Space, Infinito, Retro, FashionTV, HTV y Playboy, adem\u00e1s de lanzar en 1992 el canal MuchMusic Latinoam\u00e9rica y, en 2015, Construir TV.<\/p>\n","protected":false},"excerpt":{"rendered":"<p>\u00a0 Seg\u00fan la norma publicada en el Bolet\u00edn Oficial, el licenciado en Econom\u00eda \u00abre\u00fane la experiencia requerida para el desempe\u00f1o del cargo\u00bb y su mandato durar\u00e1 cuatro a\u00f1os, que podr\u00e1n ser prorrogado por el Poder Ejecutivo. El Gobierno oficializ\u00f3 la designaci\u00f3n de Ralph Douglas Haiek como nuevo presidente del Instituto Nacional de Cine y Artes&hellip;<\/p>\n","protected":false},"author":1,"featured_media":0,"comment_status":"open","ping_status":"open","sticky":false,"template":"","format":"standard","meta":{"footnotes":""},"categories":[22],"tags":[1295,13705,25887],"class_list":["post-67706","post","type-post","status-publish","format-standard","hentry","category-policiales","tag-boletin-oficial","tag-incaa","tag-ralph-douglas-haiek"],"_links":{"self":[{"href":"https:\/\/www.elsindical.com.ar\/notas\/wp-json\/wp\/v2\/posts\/67706","targetHints":{"allow":["GET"]}}],"collection":[{"href":"https:\/\/www.elsindical.com.ar\/notas\/wp-json\/wp\/v2\/posts"}],"about":[{"href":"https:\/\/www.elsindical.com.ar\/notas\/wp-json\/wp\/v2\/types\/post"}],"author":[{"embeddable":true,"href":"https:\/\/www.elsindical.com.ar\/notas\/wp-json\/wp\/v2\/users\/1"}],"replies":[{"embeddable":true,"href":"https:\/\/www.elsindical.com.ar\/notas\/wp-json\/wp\/v2\/comments?post=67706"}],"version-history":[{"count":1,"href":"https:\/\/www.elsindical.com.ar\/notas\/wp-json\/wp\/v2\/posts\/67706\/revisions"}],"predecessor-version":[{"id":67708,"href":"https:\/\/www.elsindical.com.ar\/notas\/wp-json\/wp\/v2\/posts\/67706\/revisions\/67708"}],"wp:attachment":[{"href":"https:\/\/www.elsindical.com.ar\/notas\/wp-json\/wp\/v2\/media?parent=67706"}],"wp:term":[{"taxonomy":"category","embeddable":true,"href":"https:\/\/www.elsindical.com.ar\/notas\/wp-json\/wp\/v2\/categories?post=67706"},{"taxonomy":"post_tag","embeddable":true,"href":"https:\/\/www.elsindical.com.ar\/notas\/wp-json\/wp\/v2\/tags?post=67706"}],"curies":[{"name":"wp","href":"https:\/\/api.w.org\/{rel}","templated":true}]}}