{"id":67687,"date":"2017-05-09T10:14:53","date_gmt":"2017-05-09T13:14:53","guid":{"rendered":"http:\/\/www.elsindical.com.ar\/notas\/?p=67687"},"modified":"2017-05-09T10:14:53","modified_gmt":"2017-05-09T13:14:53","slug":"efemerides-del-dia-9-de-mayo-4","status":"publish","type":"post","link":"https:\/\/www.elsindical.com.ar\/notas\/efemerides-del-dia-9-de-mayo-4\/","title":{"rendered":"EFEM\u00c9RIDES: DEL D\u00cdA 9 DE MAYO"},"content":{"rendered":"<p>D\u00eda de Europa<\/p>\n<p>-D\u00eda de la Victoria sobre el nazismo<\/p>\n<p>D\u00eda Internacional de las aves migratorias<\/p>\n<p>1386 \u2013 Tratado de Windsor: alianza entre Portugal e Inglaterra.<\/p>\n<p>1502 \u2013 Crist\u00f3bal Col\u00f3n parte de Espa\u00f1a en su cuarto viaje al nuevo continente.<\/p>\n<p>1540 \u2013 El navegante espa\u00f1ol Hernando de Alarc\u00f3n parte a explorar las costas de California.<\/p>\n<p>1605 \u2013 Se publica la primera parte de \u201cEl ingenioso hidalgo don Quijote de la Mancha\u201d, de Miguel de Cervantes Saavedra.<\/p>\n<p>1775 \u2013 Muere Domingo de Basavilbaso, organizador de un correo fijo, origen del correo argentino.<\/p>\n<p>1781 \u2013 Los espa\u00f1oles expulsan a los ingleses de Florida Occidental.<\/p>\n<p>1800 \u2013 Nace John Brown, abolicionista estadounidense.<\/p>\n<p>1805 \u2013 Muere Friedrich Schiller, poeta, dramaturgo, fil\u00f3sofo e historiador alem\u00e1n.<\/p>\n<p>1873 \u2013 Nace Howard Carter, egipt\u00f3logo que encontr\u00f3 a Tutankham\u00f3n.<\/p>\n<p>1883 \u2013 Nace el fil\u00f3sofo espa\u00f1ol Jos\u00e9 Ortega y Gasset.<\/p>\n<p>1901 \u2013 Crisis de Wall Street: p\u00e1nico por la baja estrepitosa de acciones.<\/p>\n<p>1902 \u2013 Choele Choel, en R\u00edo Negro, es declarada colonia agr\u00edcola.<\/p>\n<p>1918 \u2013 Nace Mike Wallace (Myron Leon Walleace), periodista y conductor de televisi\u00f3n estadounidense.<\/p>\n<p>1926 \u2013 Richard E. Byrd y Floyd Bennett sobrevuelan por vez primera el Polo Norte.<\/p>\n<p>1927 \u2013 Se proclama la nueva capital de Australia: Canberra.<\/p>\n<p>1936 \u2013 Nace Glenda Jackson, actriz y pol\u00edtica brit\u00e1nica.<\/p>\n<p>1936 \u2013 Nace actor ingl\u00e9s Albert Finney.<\/p>\n<p>1940 \u2013 Adolf Hitler autoriza la eutanasia en Alemania.<\/p>\n<p>1943 \u2013 Muere el cuentista y periodista Enrique Gonz\u00e1lez Tu\u00f1\u00f3n.<\/p>\n<p>1946 \u2013 Nace Candice Bergen, actriz estadounidense.<\/p>\n<p>1946 \u2013 V\u00edctor Manuel III abdica al trono de Italia y asume Humberto II, que ser\u00e1 Rey por 25 d\u00edas al votarse la Rep\u00fablica el 2 de junio.<\/p>\n<p>1949 \u2013 Nace William Martin Joel, cantante conocido como Billy Joel.<\/p>\n<p>1951 \u2013 Argentina pierde 2-1 con Inglaterra en Wembley, pero el arquero impide una goleada con una actuaci\u00f3n memorable.<\/p>\n<p>1952 \u2013 Nace la cantante de tangos argentina Adriana Varela.<\/p>\n<p>1955 \u2013 Alemania Federal es admitida en la OTAN.<\/p>\n<p>1958 \u2013 Botvinnik recupera el t\u00edtulo mundial de ajedrez.<\/p>\n<p>1960 \u2013 Se autoriza en los EE.UU. la venta de la p\u00edldora anticonceptiva.<\/p>\n<p>1962 \u2013 Los Beatles firman su primer contrato con la compa\u00f1\u00eda EMI.<\/p>\n<p>1971 \u2013 Carlos Monz\u00f3n retiene su corona mundial al vencer por abandono al italiano Nino Benvenutti.<\/p>\n<p>1978 \u2013 Se encuentra el cuerpo sin vida del veterano estadista italiano Aldo Moro, asesinado por las Brigadas Rojas.<\/p>\n<p>1989 \u2013 Presenta la quiebra de la empresa de aviaci\u00f3n estadounidense Eastern Airlines.<\/p>\n<p>1993 \u2013 Juan Carlos Wasmosy es elegido presidente del Paraguay.<\/p>\n<p>1996 \u2013 El novelista Mario Vargas Llosa recibe el Premio de la Paz de la Asociaci\u00f3n de Editores y Libreros de Alemania.<\/p>\n<p>1998 \u2013 La modelo Valeria Mazza se casa con el empresario Alejandro Gravier.<\/p>\n<p>2004 \u2013 Muere Allan King, comediante estadounidense.<\/p>\n<p>2004 \u2013 Una bomba estalla en un estadio de Grozni y mata al presidente checheno y a otras 31 personas<\/p>\n<p>2010 \u2013 Muere Lena Horne, cantante y actriz estadounidense.<\/p>\n<p>2011 \u2013 Muere Alicia Jurado, escritora argentina.<\/p>\n<p>2013 \u2013 Muere Alfredo Landa, actor espa\u00f1ol.<\/p>\n<p>2016 \u2013 Muere Rex Hughes, entrenador estadounidense de baloncesto.<\/p>\n","protected":false},"excerpt":{"rendered":"<p>D\u00eda de Europa -D\u00eda de la Victoria sobre el nazismo D\u00eda Internacional de las aves migratorias 1386 \u2013 Tratado de Windsor: alianza entre Portugal e Inglaterra. 1502 \u2013 Crist\u00f3bal Col\u00f3n parte de Espa\u00f1a en su cuarto viaje al nuevo continente. 1540 \u2013 El navegante espa\u00f1ol Hernando de Alarc\u00f3n parte a explorar las costas de California.&hellip;<\/p>\n","protected":false},"author":1,"featured_media":0,"comment_status":"open","ping_status":"open","sticky":false,"template":"","format":"standard","meta":{"footnotes":""},"categories":[14],"tags":[],"class_list":["post-67687","post","type-post","status-publish","format-standard","hentry","category-efemerides"],"_links":{"self":[{"href":"https:\/\/www.elsindical.com.ar\/notas\/wp-json\/wp\/v2\/posts\/67687","targetHints":{"allow":["GET"]}}],"collection":[{"href":"https:\/\/www.elsindical.com.ar\/notas\/wp-json\/wp\/v2\/posts"}],"about":[{"href":"https:\/\/www.elsindical.com.ar\/notas\/wp-json\/wp\/v2\/types\/post"}],"author":[{"embeddable":true,"href":"https:\/\/www.elsindical.com.ar\/notas\/wp-json\/wp\/v2\/users\/1"}],"replies":[{"embeddable":true,"href":"https:\/\/www.elsindical.com.ar\/notas\/wp-json\/wp\/v2\/comments?post=67687"}],"version-history":[{"count":1,"href":"https:\/\/www.elsindical.com.ar\/notas\/wp-json\/wp\/v2\/posts\/67687\/revisions"}],"predecessor-version":[{"id":67688,"href":"https:\/\/www.elsindical.com.ar\/notas\/wp-json\/wp\/v2\/posts\/67687\/revisions\/67688"}],"wp:attachment":[{"href":"https:\/\/www.elsindical.com.ar\/notas\/wp-json\/wp\/v2\/media?parent=67687"}],"wp:term":[{"taxonomy":"category","embeddable":true,"href":"https:\/\/www.elsindical.com.ar\/notas\/wp-json\/wp\/v2\/categories?post=67687"},{"taxonomy":"post_tag","embeddable":true,"href":"https:\/\/www.elsindical.com.ar\/notas\/wp-json\/wp\/v2\/tags?post=67687"}],"curies":[{"name":"wp","href":"https:\/\/api.w.org\/{rel}","templated":true}]}}