{"id":6767,"date":"2010-05-21T11:06:11","date_gmt":"2010-05-21T14:06:11","guid":{"rendered":"http:\/\/www.elsindical.com.ar\/notas\/?p=6767"},"modified":"2010-05-21T11:06:11","modified_gmt":"2010-05-21T14:06:11","slug":"florencio-varelamarchan-para-pedir-que-policia-condenada-cumpla-pena-en-la-carcel","status":"publish","type":"post","link":"https:\/\/www.elsindical.com.ar\/notas\/florencio-varelamarchan-para-pedir-que-policia-condenada-cumpla-pena-en-la-carcel\/","title":{"rendered":"Florencio Varela:Marchan para pedir que polic\u00eda condenada cumpla pena en la c\u00e1rcel"},"content":{"rendered":"<p style=\"text-align: justify;\"><a href=\"http:\/\/www.elsindical.com.ar\/notas\/var\/www\/html\/notas\/wp-content\/uploads\/2010\/05\/mural-Andrea-Viera.jpg\"><img loading=\"lazy\" decoding=\"async\" class=\"alignleft size-full wp-image-6768\" title=\"mural-Andrea-Viera\" src=\"http:\/\/www.elsindical.com.ar\/notas\/var\/www\/html\/notas\/wp-content\/uploads\/2010\/05\/mural-Andrea-Viera.jpg\" alt=\"\" width=\"255\" height=\"191\" \/><\/a>Familiares, vecinos y amigos de Andrea Viera, la joven que fue detenida junto a su esposo en un procedimiento irregular y sometida a torturas en una comisar\u00eda de Florencio Varela que le ocasionaron su deceso en mayo de 2002, se movilizar\u00e1n para exigir que la mujer polic\u00eda que fue condenada a prisi\u00f3n perpetua \u201ccumpla su pena en la c\u00e1rcel y no con el arresto domiciliario con la que fue beneficiada\u201d.<\/p>\n<p style=\"text-align: justify;\">La marcha se realizar\u00e1 ma\u00f1ana, a las 15, desde la estaci\u00f3n Zeballos hasta la comisar\u00eda 1\u00aa de Florencio Varela, al cumplirse \u201c8 a\u00f1os de impunidad\u201d y en la oportunidad, se denunciar\u00e1 que la acusada Marta Jorgelina Oviedo Zalazar -ex cabo 1ero. y que cumpl\u00eda funciones en dicha seccional- \u201cviola, en forma permanente, la prohibici\u00f3n de salir de su casa\u201d.<\/p>\n<p style=\"text-align: justify;\">\u201cSi bien lleva una pulsera electr\u00f3nica, anda libremente por la calle, dando muestras de no importarle nada. Se la ha visto en una sala de bingos, paseando con sus hijos, que tambi\u00e9n son polic\u00edas, y gozando de buena salud, pese a que el beneficio se le fue otorgado por una supuesta afecci\u00f3n card\u00edaca. Hace mucho tiempo que lo venimos denunciando y en los \u00faltimos d\u00edas, hicimos una presentaci\u00f3n en los Tribunales de Quilmes para intentar poner fin a esta situaci\u00f3n\u201d, precis\u00f3 Eugenia V\u00e1zquez, hermana de Andrea Viera, en di\u00e1logo con este diario.<\/p>\n<p style=\"text-align: justify;\">\u201cEn forma pac\u00edfica y pidiendo que se haga justicia, despu\u00e9s de tanta impunidad\u201d, la movilizaci\u00f3n contar\u00e1 con la participaci\u00f3n de representantes de organismos de derechos humanos, familiares de v\u00edctimas de otros hechos de violencia institucional, representantes de movimientos sociales y dirigentes de partidos pol\u00edticos, sindicatos y agrupaciones estudiantiles, \u201cque desde siempre nos vienen apoyando\u201d, agreg\u00f3.<\/p>\n<p><strong>Demorados<\/strong><\/p>\n<p>Andrea Viera fue demorada, junto a su marido Gustavo Cardozo, el 10 de mayo de 2002, cuando caminaban por la estaci\u00f3n ferroviaria de Zeballos y conducidos a la comisar\u00eda 1\u00aa de Florencio Varela por \u201caveriguaci\u00f3n de antecedentes\u201d. La presunci\u00f3n sobre que la pareja hab\u00eda participado de la agresi\u00f3n deriv\u00f3 en que, una vez en la seccional, ambos hayan sido sometidos a diversos tormentos.<\/p>\n<p style=\"text-align: justify;\">La joven, con graves heridas por las torturas recibidas, fue internada en un hospital, donde falleci\u00f3 doce d\u00edas m\u00e1s tarde. El caso fue llevado a juicio oral y p\u00fablico, en julio de 2002, y de los cinco efectivos de la Polic\u00eda bonaerense imputados, s\u00f3lo la entonces cabo 1ero. Oviedo Zalazar fue hallada culpable y condenada a prisi\u00f3n perpetua, mientras sus compa\u00f1eros de la fuerza (el oficial David Guti\u00e9rrez, el suboficial Carlos Maidana, el agente Oscar Far\u00edas y el subinspector Diego Herrera) resultaron absueltos \u201cpor el beneficio de la duda\u201d.<\/p>\n","protected":false},"excerpt":{"rendered":"<p>Familiares, vecinos y amigos de Andrea Viera, la joven que fue detenida junto a su esposo en un procedimiento irregular y sometida a torturas en una comisar\u00eda de Florencio Varela que le ocasionaron su deceso en mayo de 2002, se movilizar\u00e1n para exigir que la mujer polic\u00eda que fue condenada a prisi\u00f3n perpetua \u201ccumpla su&hellip;<\/p>\n","protected":false},"author":1,"featured_media":0,"comment_status":"open","ping_status":"open","sticky":false,"template":"","format":"standard","meta":{"footnotes":""},"categories":[6],"tags":[3465,1307,41,3466,30],"class_list":["post-6767","post","type-post","status-publish","format-standard","hentry","category-denuncias","tag-andrea-viera","tag-florencio-varela","tag-justicia","tag-marta-jorgelina-oviedo-zalazar","tag-policia"],"_links":{"self":[{"href":"https:\/\/www.elsindical.com.ar\/notas\/wp-json\/wp\/v2\/posts\/6767","targetHints":{"allow":["GET"]}}],"collection":[{"href":"https:\/\/www.elsindical.com.ar\/notas\/wp-json\/wp\/v2\/posts"}],"about":[{"href":"https:\/\/www.elsindical.com.ar\/notas\/wp-json\/wp\/v2\/types\/post"}],"author":[{"embeddable":true,"href":"https:\/\/www.elsindical.com.ar\/notas\/wp-json\/wp\/v2\/users\/1"}],"replies":[{"embeddable":true,"href":"https:\/\/www.elsindical.com.ar\/notas\/wp-json\/wp\/v2\/comments?post=6767"}],"version-history":[{"count":2,"href":"https:\/\/www.elsindical.com.ar\/notas\/wp-json\/wp\/v2\/posts\/6767\/revisions"}],"predecessor-version":[{"id":6770,"href":"https:\/\/www.elsindical.com.ar\/notas\/wp-json\/wp\/v2\/posts\/6767\/revisions\/6770"}],"wp:attachment":[{"href":"https:\/\/www.elsindical.com.ar\/notas\/wp-json\/wp\/v2\/media?parent=6767"}],"wp:term":[{"taxonomy":"category","embeddable":true,"href":"https:\/\/www.elsindical.com.ar\/notas\/wp-json\/wp\/v2\/categories?post=6767"},{"taxonomy":"post_tag","embeddable":true,"href":"https:\/\/www.elsindical.com.ar\/notas\/wp-json\/wp\/v2\/tags?post=6767"}],"curies":[{"name":"wp","href":"https:\/\/api.w.org\/{rel}","templated":true}]}}