{"id":67551,"date":"2017-05-05T00:54:53","date_gmt":"2017-05-05T03:54:53","guid":{"rendered":"http:\/\/www.elsindical.com.ar\/notas\/?p=67551"},"modified":"2017-05-05T00:54:53","modified_gmt":"2017-05-05T03:54:53","slug":"mar-del-plata-entro-a-audiencia-y-amenazo-a-punta-de-pistola-a-secretaria-judicial","status":"publish","type":"post","link":"https:\/\/www.elsindical.com.ar\/notas\/mar-del-plata-entro-a-audiencia-y-amenazo-a-punta-de-pistola-a-secretaria-judicial\/","title":{"rendered":"Mar del Plata: Entr\u00f3 a audiencia y amenaz\u00f3 a punta de pistola a secretaria judicial"},"content":{"rendered":"<p><em><a href=\"http:\/\/www.elsindical.com.ar\/notas\/var\/www\/html\/notas\/wp-content\/uploads\/2015\/07\/Palacio-de-tribunales-Mar-del-Plata.jpg\"><img loading=\"lazy\" decoding=\"async\" class=\"alignnone size-medium wp-image-52674\" src=\"http:\/\/www.elsindical.com.ar\/notas\/var\/www\/html\/notas\/wp-content\/uploads\/2015\/07\/Palacio-de-tribunales-Mar-del-Plata-300x169.jpg\" alt=\"\" width=\"300\" height=\"169\" srcset=\"https:\/\/www.elsindical.com.ar\/notas\/var\/www\/html\/notas\/wp-content\/uploads\/2015\/07\/Palacio-de-tribunales-Mar-del-Plata-300x169.jpg 300w, https:\/\/www.elsindical.com.ar\/notas\/var\/www\/html\/notas\/wp-content\/uploads\/2015\/07\/Palacio-de-tribunales-Mar-del-Plata-500x282.jpg 500w, https:\/\/www.elsindical.com.ar\/notas\/var\/www\/html\/notas\/wp-content\/uploads\/2015\/07\/Palacio-de-tribunales-Mar-del-Plata.jpg 620w\" sizes=\"auto, (max-width: 300px) 100vw, 300px\" \/><\/a>\u00a0 El hecho se registr\u00f3 en un juzgado civil y comercial de Mar del Plata, durante una conciliaci\u00f3n en la que se neg\u00f3 a firmar un acuerdo por deuda de expensas. El sujeto sac\u00f3 un rev\u00f3lver para amenazar a la empleada del Juzgado Civil y Comercial 7 y luego fue detenido.<\/em><\/p>\n<p>Un hombre amenaz\u00f3 con un arma de fuego a una secretaria judicial en plena audiencia y fue detenido. Marcos Filiberti (59), quien hab\u00eda sido demandado por incumplimiento en el pago de expensas y en plena audiencia de conciliaci\u00f3n amenaz\u00f3 con un rev\u00f3lver a la secretaria del Juzgado Civil y Comercial 7 de la ciudad.<\/p>\n<p>El incidente se produjo poco antes del mediod\u00eda en el segundo piso de los tribunales ubicados en Almirante Brown 2257, en el macrocentro de la ciudad, mientras el hombre se encontraba junto a su defensor y a la parte demandante en el despacho de Arnaud para suscribir un acuerdo.<\/p>\n<p>El hombre se neg\u00f3 a firmar la conciliaci\u00f3n para saldar su deuda y a continuaci\u00f3n desenfund\u00f3 el arma y apunt\u00f3 a la secretaria.<\/p>\n<p>En ese momento, la funcionaria sali\u00f3 corriendo de su despacho y cruz\u00f3 el pasillo que conecta con la oficina de la jueza Daniela Valeria Basso, donde se realizaba otra audiencia por una sucesi\u00f3n.<\/p>\n<p>En el despacho de Basso se encontraban casualmente dos agentes penitenciarios, porque uno de los herederos intervinientes en el caso llevado adelante en ese momento por la magistrada es un preso de la Unidad 15 de Bat\u00e1n.<\/p>\n<p>Basso orden\u00f3 a uno de los uniformados que redujera al hombre armado, mientras el otro permaneci\u00f3 custodiando a la secretaria y al resto de los presentes.<\/p>\n<p>El efectivo logr\u00f3 quitarle el arma, que conten\u00eda cinco proyectiles, y el hombre fue reducido sin oponer mayor resistencia.<\/p>\n<p>\u00abSi no hubieran estado de casualidad esos dos efectivos hubi\u00e9ramos quedado todos de reh\u00e9n, porque el \u00fanico agente armado en todo el edificio est\u00e1 en la planta baja\u201d, dijo un letrado presente en ese momento.<\/p>\n<p>El atacante fue trasladado inmediatamente a la Alcaid\u00eda de Bat\u00e1n, imputado por \u201camenazas calificadas por el uso de arma de fuego\u201d y \u201cportaci\u00f3n de arma de fuego de uso civil\u201d, y ma\u00f1ana podr\u00eda declarar ante la fiscal de Flagrancia, Florencia Salas.<\/p>\n<p>Ante este hecho, el Colegio de Magistrados de la ciudad emiti\u00f3 un comunicado en el que repudi\u00f3 este hecho y asegur\u00f3 que \u201cno lleg\u00f3 a mayores por el azar del destino\u201d.<\/p>\n<p>El su escrito, la entidad exigi\u00f3 adem\u00e1s que \u201cse provea de suficiente personal de custodia, dispongan de c\u00e1maras de seguridad y detectores de metales, entre otras, para que se puedan prevenir situaciones de estas caracter\u00edsticas\u201d.<\/p>\n","protected":false},"excerpt":{"rendered":"<p>\u00a0 El hecho se registr\u00f3 en un juzgado civil y comercial de Mar del Plata, durante una conciliaci\u00f3n en la que se neg\u00f3 a firmar un acuerdo por deuda de expensas. El sujeto sac\u00f3 un rev\u00f3lver para amenazar a la empleada del Juzgado Civil y Comercial 7 y luego fue detenido. Un hombre amenaz\u00f3 con&hellip;<\/p>\n","protected":false},"author":1,"featured_media":0,"comment_status":"open","ping_status":"open","sticky":false,"template":"","format":"standard","meta":{"footnotes":""},"categories":[22],"tags":[387,6078,25850,91,1673],"class_list":["post-67551","post","type-post","status-publish","format-standard","hentry","category-policiales","tag-arma","tag-audiencia","tag-demandado","tag-detenido","tag-mar-del-plata"],"_links":{"self":[{"href":"https:\/\/www.elsindical.com.ar\/notas\/wp-json\/wp\/v2\/posts\/67551","targetHints":{"allow":["GET"]}}],"collection":[{"href":"https:\/\/www.elsindical.com.ar\/notas\/wp-json\/wp\/v2\/posts"}],"about":[{"href":"https:\/\/www.elsindical.com.ar\/notas\/wp-json\/wp\/v2\/types\/post"}],"author":[{"embeddable":true,"href":"https:\/\/www.elsindical.com.ar\/notas\/wp-json\/wp\/v2\/users\/1"}],"replies":[{"embeddable":true,"href":"https:\/\/www.elsindical.com.ar\/notas\/wp-json\/wp\/v2\/comments?post=67551"}],"version-history":[{"count":1,"href":"https:\/\/www.elsindical.com.ar\/notas\/wp-json\/wp\/v2\/posts\/67551\/revisions"}],"predecessor-version":[{"id":67552,"href":"https:\/\/www.elsindical.com.ar\/notas\/wp-json\/wp\/v2\/posts\/67551\/revisions\/67552"}],"wp:attachment":[{"href":"https:\/\/www.elsindical.com.ar\/notas\/wp-json\/wp\/v2\/media?parent=67551"}],"wp:term":[{"taxonomy":"category","embeddable":true,"href":"https:\/\/www.elsindical.com.ar\/notas\/wp-json\/wp\/v2\/categories?post=67551"},{"taxonomy":"post_tag","embeddable":true,"href":"https:\/\/www.elsindical.com.ar\/notas\/wp-json\/wp\/v2\/tags?post=67551"}],"curies":[{"name":"wp","href":"https:\/\/api.w.org\/{rel}","templated":true}]}}