{"id":67533,"date":"2017-05-04T18:13:05","date_gmt":"2017-05-04T21:13:05","guid":{"rendered":"http:\/\/www.elsindical.com.ar\/notas\/?p=67533"},"modified":"2017-05-04T18:13:05","modified_gmt":"2017-05-04T21:13:05","slug":"villa-crespo-tres-detenidos-merodeando-escuela-con-armas-explosivos-y-precintos","status":"publish","type":"post","link":"https:\/\/www.elsindical.com.ar\/notas\/villa-crespo-tres-detenidos-merodeando-escuela-con-armas-explosivos-y-precintos\/","title":{"rendered":"Villa Crespo: Tres detenidos merodeando escuela con armas, explosivos y precintos"},"content":{"rendered":"<p><em><a href=\"http:\/\/www.elsindical.com.ar\/notas\/var\/www\/html\/notas\/wp-content\/uploads\/2017\/05\/banda-delincuentes-detenida-Villa-Crespo1.jpg\"><img loading=\"lazy\" decoding=\"async\" class=\"alignnone size-medium wp-image-67535\" src=\"http:\/\/www.elsindical.com.ar\/notas\/var\/www\/html\/notas\/wp-content\/uploads\/2017\/05\/banda-delincuentes-detenida-Villa-Crespo1-300x158.jpg\" alt=\"\" width=\"300\" height=\"158\" srcset=\"https:\/\/www.elsindical.com.ar\/notas\/var\/www\/html\/notas\/wp-content\/uploads\/2017\/05\/banda-delincuentes-detenida-Villa-Crespo1-300x158.jpg 300w, https:\/\/www.elsindical.com.ar\/notas\/var\/www\/html\/notas\/wp-content\/uploads\/2017\/05\/banda-delincuentes-detenida-Villa-Crespo1-500x263.jpg 500w, https:\/\/www.elsindical.com.ar\/notas\/var\/www\/html\/notas\/wp-content\/uploads\/2017\/05\/banda-delincuentes-detenida-Villa-Crespo1.jpg 680w\" sizes=\"auto, (max-width: 300px) 100vw, 300px\" \/><\/a>\u00a0\u00a0 Efectivos interceptaron a los sospechosos que circulaban en un veh\u00edculo frente al instituto Dr. Enrique Mosca de ese barrio porte\u00f1o. Creen que se preparaban para concretar un robo o secuestro a la hora de la detenci\u00f3n. Secuestraron rev\u00f3lveres, explosivos, amoladoras, una agujereadora, guantes y precintos.<\/em><\/p>\n<p>Tres hombres vestidos con camperas de una empresa de seguridad fueron detenidos por personal policial con armas, una granada y precintos frente a la escuela primaria Dr. Enrique Mosca de Villa Crespo.<\/p>\n<p>Los detenidos circulaban en un auto frente al instituto y fueron arrestados en la calle Casafoust 761. Efectivos creen que se preparaban para concretar un robo o secuestro.<\/p>\n<p>Secuestraron dos rev\u00f3lveres calibre 38 y 22, amoladoras, una agujereadora, guantes, precintos y una granada.<\/p>\n<p><a href=\"http:\/\/www.elsindical.com.ar\/notas\/var\/www\/html\/notas\/wp-content\/uploads\/2017\/05\/granada-banda-Villa-Crespo.jpg\"><img loading=\"lazy\" decoding=\"async\" class=\"alignnone size-medium wp-image-67534\" src=\"http:\/\/www.elsindical.com.ar\/notas\/var\/www\/html\/notas\/wp-content\/uploads\/2017\/05\/granada-banda-Villa-Crespo-300x172.jpg\" alt=\"\" width=\"300\" height=\"172\" srcset=\"https:\/\/www.elsindical.com.ar\/notas\/var\/www\/html\/notas\/wp-content\/uploads\/2017\/05\/granada-banda-Villa-Crespo-300x172.jpg 300w, https:\/\/www.elsindical.com.ar\/notas\/var\/www\/html\/notas\/wp-content\/uploads\/2017\/05\/granada-banda-Villa-Crespo-500x286.jpg 500w, https:\/\/www.elsindical.com.ar\/notas\/var\/www\/html\/notas\/wp-content\/uploads\/2017\/05\/granada-banda-Villa-Crespo.jpg 738w\" sizes=\"auto, (max-width: 300px) 100vw, 300px\" \/><\/a><\/p>\n","protected":false},"excerpt":{"rendered":"<p>\u00a0\u00a0 Efectivos interceptaron a los sospechosos que circulaban en un veh\u00edculo frente al instituto Dr. Enrique Mosca de ese barrio porte\u00f1o. Creen que se preparaban para concretar un robo o secuestro a la hora de la detenci\u00f3n. Secuestraron rev\u00f3lveres, explosivos, amoladoras, una agujereadora, guantes y precintos. Tres hombres vestidos con camperas de una empresa de&hellip;<\/p>\n","protected":false},"author":1,"featured_media":0,"comment_status":"open","ping_status":"open","sticky":false,"template":"","format":"standard","meta":{"footnotes":""},"categories":[22],"tags":[424,6779,1607],"class_list":["post-67533","post","type-post","status-publish","format-standard","hentry","category-policiales","tag-armas","tag-banda-delincuentes","tag-villa-crespo"],"_links":{"self":[{"href":"https:\/\/www.elsindical.com.ar\/notas\/wp-json\/wp\/v2\/posts\/67533","targetHints":{"allow":["GET"]}}],"collection":[{"href":"https:\/\/www.elsindical.com.ar\/notas\/wp-json\/wp\/v2\/posts"}],"about":[{"href":"https:\/\/www.elsindical.com.ar\/notas\/wp-json\/wp\/v2\/types\/post"}],"author":[{"embeddable":true,"href":"https:\/\/www.elsindical.com.ar\/notas\/wp-json\/wp\/v2\/users\/1"}],"replies":[{"embeddable":true,"href":"https:\/\/www.elsindical.com.ar\/notas\/wp-json\/wp\/v2\/comments?post=67533"}],"version-history":[{"count":1,"href":"https:\/\/www.elsindical.com.ar\/notas\/wp-json\/wp\/v2\/posts\/67533\/revisions"}],"predecessor-version":[{"id":67536,"href":"https:\/\/www.elsindical.com.ar\/notas\/wp-json\/wp\/v2\/posts\/67533\/revisions\/67536"}],"wp:attachment":[{"href":"https:\/\/www.elsindical.com.ar\/notas\/wp-json\/wp\/v2\/media?parent=67533"}],"wp:term":[{"taxonomy":"category","embeddable":true,"href":"https:\/\/www.elsindical.com.ar\/notas\/wp-json\/wp\/v2\/categories?post=67533"},{"taxonomy":"post_tag","embeddable":true,"href":"https:\/\/www.elsindical.com.ar\/notas\/wp-json\/wp\/v2\/tags?post=67533"}],"curies":[{"name":"wp","href":"https:\/\/api.w.org\/{rel}","templated":true}]}}