{"id":67465,"date":"2017-04-30T19:50:44","date_gmt":"2017-04-30T22:50:44","guid":{"rendered":"http:\/\/www.elsindical.com.ar\/notas\/?p=67465"},"modified":"2017-04-30T19:50:44","modified_gmt":"2017-04-30T22:50:44","slug":"por-las-inundaciones-cayo-el-puente-de-lincoln-y-esta-cortada-la-ruta-188","status":"publish","type":"post","link":"https:\/\/www.elsindical.com.ar\/notas\/por-las-inundaciones-cayo-el-puente-de-lincoln-y-esta-cortada-la-ruta-188\/","title":{"rendered":"Por las inundaciones cay\u00f3 el Puente de Lincoln y est\u00e1 cortada la Ruta 188"},"content":{"rendered":"<p><em>\u00a0\u00a0 <a href=\"http:\/\/www.elsindical.com.ar\/notas\/var\/www\/html\/notas\/wp-content\/uploads\/2017\/04\/Puente-de-Lincoln.jpg\"><img loading=\"lazy\" decoding=\"async\" class=\"alignnone size-medium wp-image-67466\" src=\"http:\/\/www.elsindical.com.ar\/notas\/var\/www\/html\/notas\/wp-content\/uploads\/2017\/04\/Puente-de-Lincoln-300x179.jpg\" alt=\"\" width=\"300\" height=\"179\" srcset=\"https:\/\/www.elsindical.com.ar\/notas\/var\/www\/html\/notas\/wp-content\/uploads\/2017\/04\/Puente-de-Lincoln-300x179.jpg 300w, https:\/\/www.elsindical.com.ar\/notas\/var\/www\/html\/notas\/wp-content\/uploads\/2017\/04\/Puente-de-Lincoln-500x298.jpg 500w, https:\/\/www.elsindical.com.ar\/notas\/var\/www\/html\/notas\/wp-content\/uploads\/2017\/04\/Puente-de-Lincoln.jpg 620w\" sizes=\"auto, (max-width: 300px) 100vw, 300px\" \/><\/a>El avance de las aguas no da tregua en territorio bonaerense. Esta vez la estructura que une Jun\u00edn y Lincoln cedi\u00f3 casi dos metros y ambas ciudades se encuentran incomunicadas.<\/em><\/p>\n<p>Las inundaciones contin\u00faan generando serias complicaciones en toda la Provincia. A las vicisitudes que viven las localidades de General Villegas y Pehuaj\u00f3 se une ahora un nuevo panorama sombr\u00edo que afecta a otras dos localidades: Jun\u00edn y Lincoln.<\/p>\n<p>Estos dos puntos han quedado totalmente incomunicados entre s\u00ed este s\u00e1bado a causa del derrumbe del Puente Lincoln, ubicado en la ruta 188 que conecta a ambas ciudades. Seg\u00fan detallan los medios locales el hecho se produjo cerca de las diez de la ma\u00f1ana cuando una masa de agua se desplazaba por la zona.<\/p>\n<p>Aproximadamente dos metros de esta estructura sucumbi\u00f3 ante el avance del agua que no da tregua en territorio bonaerense. Seg\u00fan se\u00f1ala el diario Democracia, la Ruta 188 se encuentra cortada en ambos sentidos mientras en el lugar se encuentran trabajando Polic\u00eda Local, Comisar\u00eda Segunda, Comando Patrullas, Polic\u00eda de Seguridad Vial y Gendarmer\u00eda.<\/p>\n<p>Seg\u00fan publica el sitio Junin24, \u00abse recomienda a la automovilistas y camioneros evitar tomar caminos alternativos de tierra como los ubicados a la altura de la localidad de Laplacette dado que se encuentran totalmente intransitables y con grandes encharcamientos en toda su extensi\u00f3n, inclusive un camino que se dirige a Baigorrita tambi\u00e9n est\u00e1 cortada por la gran acumulaci\u00f3n de agua\u00bb.<\/p>\n<p>Y se especifica que \u00abpara llegar a Jun\u00edn desde la ciudad de Lincoln se debe tomar la ruta provincial 50 hasta la ciudad de Vedia y desde all\u00ed, por la ruta nacional 7\u00bb.<\/p>\n","protected":false},"excerpt":{"rendered":"<p>\u00a0\u00a0 El avance de las aguas no da tregua en territorio bonaerense. Esta vez la estructura que une Jun\u00edn y Lincoln cedi\u00f3 casi dos metros y ambas ciudades se encuentran incomunicadas. Las inundaciones contin\u00faan generando serias complicaciones en toda la Provincia. A las vicisitudes que viven las localidades de General Villegas y Pehuaj\u00f3 se une&hellip;<\/p>\n","protected":false},"author":1,"featured_media":0,"comment_status":"open","ping_status":"open","sticky":false,"template":"","format":"standard","meta":{"footnotes":""},"categories":[25],"tags":[5157,7748,9148,25826],"class_list":["post-67465","post","type-post","status-publish","format-standard","hentry","category-sociedad","tag-general-villegas","tag-junin","tag-lincoln","tag-pehuajo"],"_links":{"self":[{"href":"https:\/\/www.elsindical.com.ar\/notas\/wp-json\/wp\/v2\/posts\/67465","targetHints":{"allow":["GET"]}}],"collection":[{"href":"https:\/\/www.elsindical.com.ar\/notas\/wp-json\/wp\/v2\/posts"}],"about":[{"href":"https:\/\/www.elsindical.com.ar\/notas\/wp-json\/wp\/v2\/types\/post"}],"author":[{"embeddable":true,"href":"https:\/\/www.elsindical.com.ar\/notas\/wp-json\/wp\/v2\/users\/1"}],"replies":[{"embeddable":true,"href":"https:\/\/www.elsindical.com.ar\/notas\/wp-json\/wp\/v2\/comments?post=67465"}],"version-history":[{"count":1,"href":"https:\/\/www.elsindical.com.ar\/notas\/wp-json\/wp\/v2\/posts\/67465\/revisions"}],"predecessor-version":[{"id":67467,"href":"https:\/\/www.elsindical.com.ar\/notas\/wp-json\/wp\/v2\/posts\/67465\/revisions\/67467"}],"wp:attachment":[{"href":"https:\/\/www.elsindical.com.ar\/notas\/wp-json\/wp\/v2\/media?parent=67465"}],"wp:term":[{"taxonomy":"category","embeddable":true,"href":"https:\/\/www.elsindical.com.ar\/notas\/wp-json\/wp\/v2\/categories?post=67465"},{"taxonomy":"post_tag","embeddable":true,"href":"https:\/\/www.elsindical.com.ar\/notas\/wp-json\/wp\/v2\/tags?post=67465"}],"curies":[{"name":"wp","href":"https:\/\/api.w.org\/{rel}","templated":true}]}}