{"id":67459,"date":"2017-04-30T11:52:16","date_gmt":"2017-04-30T14:52:16","guid":{"rendered":"http:\/\/www.elsindical.com.ar\/notas\/?p=67459"},"modified":"2017-04-30T11:52:16","modified_gmt":"2017-04-30T14:52:16","slug":"lobos-cayo-depravado-que-se-cito-con-nena-de-11-anos-por-facebook","status":"publish","type":"post","link":"https:\/\/www.elsindical.com.ar\/notas\/lobos-cayo-depravado-que-se-cito-con-nena-de-11-anos-por-facebook\/","title":{"rendered":"Lobos: Cay\u00f3 depravado que se cit\u00f3 con nena de 11 a\u00f1os por Facebook"},"content":{"rendered":"<p><a href=\"http:\/\/www.elsindical.com.ar\/notas\/var\/www\/html\/notas\/wp-content\/uploads\/2017\/04\/degenerado-detenido-en-Lobos.jpg\"><img loading=\"lazy\" decoding=\"async\" class=\"alignnone size-medium wp-image-67460\" src=\"http:\/\/www.elsindical.com.ar\/notas\/var\/www\/html\/notas\/wp-content\/uploads\/2017\/04\/degenerado-detenido-en-Lobos-300x164.jpg\" alt=\"\" width=\"300\" height=\"164\" srcset=\"https:\/\/www.elsindical.com.ar\/notas\/var\/www\/html\/notas\/wp-content\/uploads\/2017\/04\/degenerado-detenido-en-Lobos-300x164.jpg 300w, https:\/\/www.elsindical.com.ar\/notas\/var\/www\/html\/notas\/wp-content\/uploads\/2017\/04\/degenerado-detenido-en-Lobos-500x274.jpg 500w, https:\/\/www.elsindical.com.ar\/notas\/var\/www\/html\/notas\/wp-content\/uploads\/2017\/04\/degenerado-detenido-en-Lobos.jpg 680w\" sizes=\"auto, (max-width: 300px) 100vw, 300px\" \/><\/a>\u00a0\u00a0 Un hombre de 27 a\u00f1os se contact\u00f3 mediante esa red social con una menor y le pidi\u00f3 que se encuentren en la localidad bonaerense de Lobos. La madre de la ni\u00f1a advirti\u00f3 la situaci\u00f3n, alert\u00f3 a la polic\u00eda y los efectivos, de civil, lograron detenerlo. Dos d\u00edas despu\u00e9s de la captura, lo liberaron porque \u00abno la toc\u00f3 ni la viol\u00f3\u00bb.<\/p>\n<p><em>\u00a0\u00a0 Vanesa Barragan de 29 a\u00f1os oriunda de San Miguel del Monte, adviti\u00f3 cuando un hombre de 27 a\u00f1os le habl\u00f3 por el chat de Facebook a su hija 11 a\u00f1os e intent\u00f3 seducirla. La mujer alert\u00f3 a la polic\u00eda, efectivos se vistieron de civiles a la hora del encuentro y detuvieron al hombre de 27 a\u00f1os identificado como Nicol\u00e1s Alberto Rodr\u00edguez oriundo de Lobos.<\/em><\/p>\n<p>La madre de una nena de 11 a\u00f1os manten\u00eda abierto ambos perfiles de Facebook en su tel\u00e9fono celular, advirti\u00f3 que un hombre le habl\u00f3 a su peque\u00f1a y cuando desde el usuario de su hija respondi\u00f3 \u00abtengo 11 a\u00f1os\u00bb, el hombre respondi\u00f3 que igual \u00abpod\u00edan ser amigos a escondidas de su mami\u00bb.<\/p>\n<p>La charla contin\u00fao hasta que el hombre pidi\u00f3 a la ni\u00f1a que se encuentren ya que viv\u00edan cerca. La mujer preocupada llev\u00f3 las conversaciones a la polic\u00eda de Lobos y comenzaron un trabajo de investigaci\u00f3n para detener al depravado.<\/p>\n<p>Los efectivos se vistieron de civiles a la hora del encuentro y cuando lo identificaron gracias a sus fotos de Facebook, lo detuvieron y lo arrestaron el 26 de abril en las inmediaciones del Correo Argentino ubicado en la calle Chacabuco y Cardoner .<\/p>\n<p>Luego, allanaron su casa y descubrieron que sus artefactos electr\u00f3nicos estaban llenos de im\u00e1genes de nenas y pornograf\u00eda infantil. En el allanamiento y detenci\u00f3n participaron el personal comunal de Monte, entre ellos el Comisario Mario Mistretta y el Subcomisario Ram\u00f3n Bogado.<\/p>\n<p>\u00abA penas me habl\u00f3, me di cuenta que algo andaba mal, ning\u00fan hombre va a querer ser amigo de una nena de 11 a\u00f1os\u00bb, manifest\u00f3 la mujer.<\/p>\n<p>El hombre fue liberado el 28 de abril, dos d\u00edas despu\u00e9s de su captura. \u00abMe dijeron que c\u00f3mo no la toc\u00f3 ni le hizo nada no pod\u00edan atraparlo. \u00bfEst\u00e1n esperando que viole o mat\u00e9 a alguien?\u00bb, se cuestion\u00f3 la mam\u00e1 de la peque\u00f1a.<\/p>\n<p>La causa fue caratulada como \u00abcaptaci\u00f3n por medios tecnol\u00f3gicos de menor con fines sexuales &#8211; cibergrooming\u00bb a cargo del Juzgado de Garant\u00edas n\u00famero 6 del departamento Judicial de La Plata a cargo del Dr. Cartasegna y participaci\u00f3n del Ayudante Fiscal de Lobos Dr. Cepeda.<\/p>\n","protected":false},"excerpt":{"rendered":"<p>\u00a0\u00a0 Un hombre de 27 a\u00f1os se contact\u00f3 mediante esa red social con una menor y le pidi\u00f3 que se encuentren en la localidad bonaerense de Lobos. La madre de la ni\u00f1a advirti\u00f3 la situaci\u00f3n, alert\u00f3 a la polic\u00eda y los efectivos, de civil, lograron detenerlo. Dos d\u00edas despu\u00e9s de la captura, lo liberaron porque&hellip;<\/p>\n","protected":false},"author":1,"featured_media":0,"comment_status":"open","ping_status":"open","sticky":false,"template":"","format":"standard","meta":{"footnotes":""},"categories":[22],"tags":[219,223,25823,5589],"class_list":["post-67459","post","type-post","status-publish","format-standard","hentry","category-policiales","tag-facebook","tag-menor","tag-nicolas-alberto-rodriguez","tag-san-miguel-del-monte"],"_links":{"self":[{"href":"https:\/\/www.elsindical.com.ar\/notas\/wp-json\/wp\/v2\/posts\/67459","targetHints":{"allow":["GET"]}}],"collection":[{"href":"https:\/\/www.elsindical.com.ar\/notas\/wp-json\/wp\/v2\/posts"}],"about":[{"href":"https:\/\/www.elsindical.com.ar\/notas\/wp-json\/wp\/v2\/types\/post"}],"author":[{"embeddable":true,"href":"https:\/\/www.elsindical.com.ar\/notas\/wp-json\/wp\/v2\/users\/1"}],"replies":[{"embeddable":true,"href":"https:\/\/www.elsindical.com.ar\/notas\/wp-json\/wp\/v2\/comments?post=67459"}],"version-history":[{"count":1,"href":"https:\/\/www.elsindical.com.ar\/notas\/wp-json\/wp\/v2\/posts\/67459\/revisions"}],"predecessor-version":[{"id":67461,"href":"https:\/\/www.elsindical.com.ar\/notas\/wp-json\/wp\/v2\/posts\/67459\/revisions\/67461"}],"wp:attachment":[{"href":"https:\/\/www.elsindical.com.ar\/notas\/wp-json\/wp\/v2\/media?parent=67459"}],"wp:term":[{"taxonomy":"category","embeddable":true,"href":"https:\/\/www.elsindical.com.ar\/notas\/wp-json\/wp\/v2\/categories?post=67459"},{"taxonomy":"post_tag","embeddable":true,"href":"https:\/\/www.elsindical.com.ar\/notas\/wp-json\/wp\/v2\/tags?post=67459"}],"curies":[{"name":"wp","href":"https:\/\/api.w.org\/{rel}","templated":true}]}}