{"id":67449,"date":"2017-04-29T16:47:40","date_gmt":"2017-04-29T19:47:40","guid":{"rendered":"http:\/\/www.elsindical.com.ar\/notas\/?p=67449"},"modified":"2017-04-29T16:47:40","modified_gmt":"2017-04-29T19:47:40","slug":"maximiliano-alvarez-de-olivera-en-el-nombre-del-padre","status":"publish","type":"post","link":"https:\/\/www.elsindical.com.ar\/notas\/maximiliano-alvarez-de-olivera-en-el-nombre-del-padre\/","title":{"rendered":"Maximiliano \u00c1lvarez de Olivera en el nombre del padre"},"content":{"rendered":"<p><a href=\"http:\/\/www.elsindical.com.ar\/notas\/var\/www\/html\/notas\/wp-content\/uploads\/2017\/04\/Maximiliano-\u00c1lvarez-de-Olivera.jpg\"><img loading=\"lazy\" decoding=\"async\" class=\"alignnone size-medium wp-image-67450\" src=\"http:\/\/www.elsindical.com.ar\/notas\/var\/www\/html\/notas\/wp-content\/uploads\/2017\/04\/Maximiliano-\u00c1lvarez-de-Olivera-300x225.jpg\" alt=\"\" width=\"300\" height=\"225\" srcset=\"https:\/\/www.elsindical.com.ar\/notas\/var\/www\/html\/notas\/wp-content\/uploads\/2017\/04\/Maximiliano-\u00c1lvarez-de-Olivera-300x225.jpg 300w, https:\/\/www.elsindical.com.ar\/notas\/var\/www\/html\/notas\/wp-content\/uploads\/2017\/04\/Maximiliano-\u00c1lvarez-de-Olivera-400x300.jpg 400w, https:\/\/www.elsindical.com.ar\/notas\/var\/www\/html\/notas\/wp-content\/uploads\/2017\/04\/Maximiliano-\u00c1lvarez-de-Olivera.jpg 480w\" sizes=\"auto, (max-width: 300px) 100vw, 300px\" \/><\/a>\u00a0\u00a0\u00a0 Fuimos el primer medio en anunciar cambios e irregularidedes en la Delegaci\u00f3n del Ministerio de Trabajo Bonaerense en Avellaneda, tambi\u00e9n venimos dando los motivos por los cuales te decimos que se te r\u00eden en la cara.<\/p>\n<p>Te contamos que los tel\u00e9fonos de la delegaci\u00f3n no funcionan hace meses, que es rid\u00edculo, pero culpan a los trabajos de reformas edilicios, ascendieron al anterior delegado Daniel Lewicki separado del cargo por un esc\u00e1ndalo policial, pero que ahora es coordinador de delegaciones y ahora se confirma nuestro anuncio de que Maximiliano \u00c1lvarez de Olivera asum\u00eda como delegado, sin que nadie conozca estudios que avalen la designaci\u00f3n, solo el hecho de ser el hijo de Cacho \u00c1lvarez, ex intendente por el peronismo hoy aliado y miembro de CAMBIEMOS.<\/p>\n<p>Podr\u00e1 o sabr\u00e1 cumplir sus obligaciones?, ya podemos adelantar un conflicto de intereses en cuanto varios locales comerciales con empleados en negro o mal registrados se trata como por ejemplo la Parrilla El Tano, solo por dar un ejemplo.<\/p>\n<p>&nbsp;<\/p>\n<p><strong>Por Marcelo Ricardo Hawrylciw<\/strong><\/p>\n","protected":false},"excerpt":{"rendered":"<p>\u00a0\u00a0\u00a0 Fuimos el primer medio en anunciar cambios e irregularidedes en la Delegaci\u00f3n del Ministerio de Trabajo Bonaerense en Avellaneda, tambi\u00e9n venimos dando los motivos por los cuales te decimos que se te r\u00eden en la cara. Te contamos que los tel\u00e9fonos de la delegaci\u00f3n no funcionan hace meses, que es rid\u00edculo, pero culpan a&hellip;<\/p>\n","protected":false},"author":1,"featured_media":0,"comment_status":"open","ping_status":"open","sticky":false,"template":"","format":"standard","meta":{"footnotes":""},"categories":[10],"tags":[461,19864,22169,20450,25822,11125],"class_list":["post-67449","post","type-post","status-publish","format-standard","hentry","category-editorial","tag-avellaneda","tag-cacho-alvarez-de-olivera","tag-cambiemos","tag-daniel-lewicki","tag-maximiliano-alvarez-de-olivera","tag-ministerio-de-trabajo-bonaerense"],"_links":{"self":[{"href":"https:\/\/www.elsindical.com.ar\/notas\/wp-json\/wp\/v2\/posts\/67449","targetHints":{"allow":["GET"]}}],"collection":[{"href":"https:\/\/www.elsindical.com.ar\/notas\/wp-json\/wp\/v2\/posts"}],"about":[{"href":"https:\/\/www.elsindical.com.ar\/notas\/wp-json\/wp\/v2\/types\/post"}],"author":[{"embeddable":true,"href":"https:\/\/www.elsindical.com.ar\/notas\/wp-json\/wp\/v2\/users\/1"}],"replies":[{"embeddable":true,"href":"https:\/\/www.elsindical.com.ar\/notas\/wp-json\/wp\/v2\/comments?post=67449"}],"version-history":[{"count":1,"href":"https:\/\/www.elsindical.com.ar\/notas\/wp-json\/wp\/v2\/posts\/67449\/revisions"}],"predecessor-version":[{"id":67451,"href":"https:\/\/www.elsindical.com.ar\/notas\/wp-json\/wp\/v2\/posts\/67449\/revisions\/67451"}],"wp:attachment":[{"href":"https:\/\/www.elsindical.com.ar\/notas\/wp-json\/wp\/v2\/media?parent=67449"}],"wp:term":[{"taxonomy":"category","embeddable":true,"href":"https:\/\/www.elsindical.com.ar\/notas\/wp-json\/wp\/v2\/categories?post=67449"},{"taxonomy":"post_tag","embeddable":true,"href":"https:\/\/www.elsindical.com.ar\/notas\/wp-json\/wp\/v2\/tags?post=67449"}],"curies":[{"name":"wp","href":"https:\/\/api.w.org\/{rel}","templated":true}]}}