{"id":67341,"date":"2017-04-25T10:58:13","date_gmt":"2017-04-25T13:58:13","guid":{"rendered":"http:\/\/www.elsindical.com.ar\/notas\/?p=67341"},"modified":"2017-04-25T10:58:13","modified_gmt":"2017-04-25T13:58:13","slug":"quedo-detenido-el-jefe-de-la-policia-de-la-ciudad-potocar","status":"publish","type":"post","link":"https:\/\/www.elsindical.com.ar\/notas\/quedo-detenido-el-jefe-de-la-policia-de-la-ciudad-potocar\/","title":{"rendered":"Qued\u00f3 detenido el Jefe de la Polic\u00eda de la Ciudad, Potocar"},"content":{"rendered":"<p><em><span class=\"text description col-xs-8 col-lg-9\">\u00a0 <a href=\"http:\/\/www.elsindical.com.ar\/notas\/var\/www\/html\/notas\/wp-content\/uploads\/2017\/04\/Potocar-Polic\u00eda-de-la-Ciudad.jpg\"><img loading=\"lazy\" decoding=\"async\" class=\"alignnone size-medium wp-image-67342\" src=\"http:\/\/www.elsindical.com.ar\/notas\/var\/www\/html\/notas\/wp-content\/uploads\/2017\/04\/Potocar-Polic\u00eda-de-la-Ciudad-300x169.jpg\" alt=\"\" width=\"300\" height=\"169\" srcset=\"https:\/\/www.elsindical.com.ar\/notas\/var\/www\/html\/notas\/wp-content\/uploads\/2017\/04\/Potocar-Polic\u00eda-de-la-Ciudad-300x169.jpg 300w, https:\/\/www.elsindical.com.ar\/notas\/var\/www\/html\/notas\/wp-content\/uploads\/2017\/04\/Potocar-Polic\u00eda-de-la-Ciudad-768x432.jpg 768w, https:\/\/www.elsindical.com.ar\/notas\/var\/www\/html\/notas\/wp-content\/uploads\/2017\/04\/Potocar-Polic\u00eda-de-la-Ciudad-1024x576.jpg 1024w, https:\/\/www.elsindical.com.ar\/notas\/var\/www\/html\/notas\/wp-content\/uploads\/2017\/04\/Potocar-Polic\u00eda-de-la-Ciudad-500x281.jpg 500w, https:\/\/www.elsindical.com.ar\/notas\/var\/www\/html\/notas\/wp-content\/uploads\/2017\/04\/Potocar-Polic\u00eda-de-la-Ciudad.jpg 1200w\" sizes=\"auto, (max-width: 300px) 100vw, 300px\" \/><\/a>Jos\u00e9 Potocar est\u00e1 acusado de ser uno de los supuestos l\u00edderes de una asociaci\u00f3n il\u00edcita que exig\u00eda dinero a comerciantes de N\u00fa\u00f1ez y Saavedra a cambio de una seguridad privilegiada.<\/span><\/em><\/p>\n<p>El desplazado jefe de la Polic\u00eda de la Ciudad Jos\u00e9 Potocar fue detenido esta ma\u00f1ana en el Palacio de Tribunales en el marco de la causa por presunto pedido de coimas.<\/p>\n<p>\u00abEs una posibilidad, pero no temo quedar detenido\u00bb, hab\u00eda manifestado Potocar minutos antes de acercarse hasta la sede del Poder Judicial.<\/p>\n<p>Al presentarse en el Palacio de Tribunales, acompa\u00f1ado de su abogado Christian Poletti, el desplazado jefe de la Polic\u00eda de la Ciudad qued\u00f3 detenido por la causa por presunto pedido de coimas que lleva adelante el fiscal Jos\u00e9 Mar\u00eda Campagnoli, quien lo acus\u00f3 de ser uno de los l\u00edderes de los polic\u00edas acusados.<\/p>\n<p>\u00abNo tengo miedo, soy un hombre de la rep\u00fablica. Si la justicia dice que debo ir preso debemos respetar eso. Hay que apegarnos a derecho, ah\u00ed empezaremos a construir\u00bb, se\u00f1al\u00f3 Potocar en declaraciones a la prensa poco antes de presentarse en tribunales.<\/p>\n<p>\u00abEl fiscal se equivoca al pedir mi detenci\u00f3n, pero si ese es su deseo para mortificarme lo acepto. Exijo que se respeten mis derechos como ciudadano, no como jefe policial\u00bb, a\u00f1adi\u00f3.<\/p>\n<p>El fiscal Jos\u00e9 Mar\u00eda Campagnoli pidi\u00f3 ayer la detenci\u00f3n del suspendido jefe de la Polic\u00eda de la Ciudad, Jos\u00e9 Potocar, en el marco de una causa por el presunto cobro de coimas.<\/p>\n<p>La investigaci\u00f3n de Campagnoli arroj\u00f3 sospechas sobre Potocar como uno de los supuestos l\u00edderes de una asociaci\u00f3n il\u00edcita que exig\u00eda dinero a comerciantes de N\u00fa\u00f1ez y Saavedra, a cambio de una seguridad privilegiada.<\/p>\n<p>\u00abNunca fui imputado y de golpe me entero que piden mi detenci\u00f3n. Nunca se me convoc\u00f3 a ninguna indagatoria que es el primer mecanismo de defensa. Estoy siempre a derecho pero me quieren ver alojado en un lugar de detenci\u00f3n\u00bb, se\u00f1al\u00f3 Potocar.<\/p>\n","protected":false},"excerpt":{"rendered":"<p>\u00a0 Jos\u00e9 Potocar est\u00e1 acusado de ser uno de los supuestos l\u00edderes de una asociaci\u00f3n il\u00edcita que exig\u00eda dinero a comerciantes de N\u00fa\u00f1ez y Saavedra a cambio de una seguridad privilegiada. El desplazado jefe de la Polic\u00eda de la Ciudad Jos\u00e9 Potocar fue detenido esta ma\u00f1ana en el Palacio de Tribunales en el marco de&hellip;<\/p>\n","protected":false},"author":1,"featured_media":0,"comment_status":"open","ping_status":"open","sticky":false,"template":"","format":"standard","meta":{"footnotes":""},"categories":[20],"tags":[91,25792,24537,1112],"class_list":["post-67341","post","type-post","status-publish","format-standard","hentry","category-judiciales","tag-detenido","tag-jose-potocar","tag-policia-de-la-ciudad","tag-tribunales"],"_links":{"self":[{"href":"https:\/\/www.elsindical.com.ar\/notas\/wp-json\/wp\/v2\/posts\/67341","targetHints":{"allow":["GET"]}}],"collection":[{"href":"https:\/\/www.elsindical.com.ar\/notas\/wp-json\/wp\/v2\/posts"}],"about":[{"href":"https:\/\/www.elsindical.com.ar\/notas\/wp-json\/wp\/v2\/types\/post"}],"author":[{"embeddable":true,"href":"https:\/\/www.elsindical.com.ar\/notas\/wp-json\/wp\/v2\/users\/1"}],"replies":[{"embeddable":true,"href":"https:\/\/www.elsindical.com.ar\/notas\/wp-json\/wp\/v2\/comments?post=67341"}],"version-history":[{"count":1,"href":"https:\/\/www.elsindical.com.ar\/notas\/wp-json\/wp\/v2\/posts\/67341\/revisions"}],"predecessor-version":[{"id":67343,"href":"https:\/\/www.elsindical.com.ar\/notas\/wp-json\/wp\/v2\/posts\/67341\/revisions\/67343"}],"wp:attachment":[{"href":"https:\/\/www.elsindical.com.ar\/notas\/wp-json\/wp\/v2\/media?parent=67341"}],"wp:term":[{"taxonomy":"category","embeddable":true,"href":"https:\/\/www.elsindical.com.ar\/notas\/wp-json\/wp\/v2\/categories?post=67341"},{"taxonomy":"post_tag","embeddable":true,"href":"https:\/\/www.elsindical.com.ar\/notas\/wp-json\/wp\/v2\/tags?post=67341"}],"curies":[{"name":"wp","href":"https:\/\/api.w.org\/{rel}","templated":true}]}}