{"id":67339,"date":"2017-04-25T09:57:13","date_gmt":"2017-04-25T12:57:13","guid":{"rendered":"http:\/\/www.elsindical.com.ar\/notas\/?p=67339"},"modified":"2017-04-25T09:57:13","modified_gmt":"2017-04-25T12:57:13","slug":"la-plata-ordenan-devolver-los-descuentos-a-los-docentes-bonaerenses","status":"publish","type":"post","link":"https:\/\/www.elsindical.com.ar\/notas\/la-plata-ordenan-devolver-los-descuentos-a-los-docentes-bonaerenses\/","title":{"rendered":"La Plata: Ordenan devolver los descuentos a los docentes bonaerenses"},"content":{"rendered":"<p><em><span class=\"text description col-xs-8 col-lg-9\"><a href=\"http:\/\/www.elsindical.com.ar\/notas\/var\/www\/html\/notas\/wp-content\/uploads\/2017\/03\/marcha-docentes-marzo-2017.jpg\"><img loading=\"lazy\" decoding=\"async\" class=\"alignnone size-medium wp-image-66002\" src=\"http:\/\/www.elsindical.com.ar\/notas\/var\/www\/html\/notas\/wp-content\/uploads\/2017\/03\/marcha-docentes-marzo-2017-300x141.jpg\" alt=\"\" width=\"300\" height=\"141\" srcset=\"https:\/\/www.elsindical.com.ar\/notas\/var\/www\/html\/notas\/wp-content\/uploads\/2017\/03\/marcha-docentes-marzo-2017-300x141.jpg 300w, https:\/\/www.elsindical.com.ar\/notas\/var\/www\/html\/notas\/wp-content\/uploads\/2017\/03\/marcha-docentes-marzo-2017-500x234.jpg 500w, https:\/\/www.elsindical.com.ar\/notas\/var\/www\/html\/notas\/wp-content\/uploads\/2017\/03\/marcha-docentes-marzo-2017.jpg 640w\" sizes=\"auto, (max-width: 300px) 100vw, 300px\" \/><\/a>\u00a0 La Justicia adem\u00e1s inst\u00f3 al gobierno provincial a considerar como \u00abadelanto de pr\u00f3ximas liquidaciones\u00bb el bono que hab\u00eda anunciado la gobernadora para los maestros que no pararon.<\/span><\/em><\/p>\n<p>A partir de un reclamo de los maestros de establecimientos privados, el Juzgado en lo Contencioso Administrativo n\u00ba2 de La Plata orden\u00f3 al gobierno provincial a devolver los descuentos realizados a los trabajadores que hicieron paro. Adem\u00e1s, indic\u00f3 que el dinero que se le otorg\u00f3 a quienes no llevaron adelante la medida de fuerza sea considerado como un adelanto de futuros sueldos.<\/p>\n<p>El fallo lleva la firma de la jueza Mar\u00eda Ventura Mart\u00ednez y significa un alivio para el bolsillo de los docentes. El reclamo planteado por la seccional provincial del Sindicato Argentino de Docentes Privados (Sadop) se\u00f1alaba que la Comunicaci\u00f3n n\u00ba53 de la Direcci\u00f3n Provincial de Educaci\u00f3n de Gesti\u00f3n Privada (Dipregep) violaba las medidas cautelares de los d\u00edas 15 y 23 de marzo en las que se ordenaba al Poder Ejecutivo que se abstuviera de llevar adelante \u00abtodo acto que altere, restrinja, limite o afecte la libertad de los trabajadores de la educaci\u00f3n\u00bb.<\/p>\n<p>\u00abLa importancia reside en el no descuento de los d\u00edas de paro a quienes ejercieron un derecho constitucional; y condenar la improcedencia de un premio que pretendi\u00f3 quebrar la huelga\u00bb, dijo Marina Jaureguiberry, secretaria gremial de Sadop.<\/p>\n<p>Y a\u00f1adi\u00f3: \u00abNuestra presentaci\u00f3n fue contra una comunicaci\u00f3n de la Dipregep que planteaba la devoluci\u00f3n del subsidio en aquellas escuelas donde los docentes hubieran realizado la medida de fuerza. Consideramos que se estaba vulnerando los fallos judiciales. Estaba contraviniendo lo que la jueza hab\u00eda planteado en las cautelares. En ese sentido este fallo nos da la raz\u00f3n\u00bb.<\/p>\n<p>El Estado provincial debe reponer la subvenci\u00f3n a los establecimientos privados. Adem\u00e1s, la jueza hizo lugar al reclamo y orden\u00f3 a la Direcci\u00f3n General de Cultura y Educaci\u00f3n, a cargo de Alejandro Finocchiaro, a no realizar los descuentos por d\u00edas de paro. Tambi\u00e9n indic\u00f3 que a quienes ya hayan recibido los descuentos se les devuelva el dinero.<\/p>\n<p>Otro tema que toca el fallo es el bono que hab\u00eda anunciado la gobernadora Mar\u00eda Eugenia Vidal para quienes no hubieran hecho paro. En este caso, la jueza expres\u00f3 que esa plata deber\u00e1 considerarse \u00aba cuenta -adelanto- de pr\u00f3ximas liquidaciones a los fines de mantener la igualdad remunerativa\u00bb. Esto significa que no podr\u00e1n cobrar m\u00e1s quienes asistieron a dar clases en los d\u00edas de paro.<\/p>\n<p>En la \u00faltima parte del texto, la jueza exhorta a ambas partes del conflicto a que lleguen a un acuerdo \u00aben el plazo de los 30 d\u00edas corridos\u00bb.<\/p>\n","protected":false},"excerpt":{"rendered":"<p>\u00a0 La Justicia adem\u00e1s inst\u00f3 al gobierno provincial a considerar como \u00abadelanto de pr\u00f3ximas liquidaciones\u00bb el bono que hab\u00eda anunciado la gobernadora para los maestros que no pararon. A partir de un reclamo de los maestros de establecimientos privados, el Juzgado en lo Contencioso Administrativo n\u00ba2 de La Plata orden\u00f3 al gobierno provincial a devolver&hellip;<\/p>\n","protected":false},"author":1,"featured_media":0,"comment_status":"open","ping_status":"open","sticky":false,"template":"","format":"standard","meta":{"footnotes":""},"categories":[20],"tags":[4830,17400,497,239,778],"class_list":["post-67339","post","type-post","status-publish","format-standard","hentry","category-judiciales","tag-descuento","tag-dipregep","tag-docentes","tag-la-plata","tag-sadop"],"_links":{"self":[{"href":"https:\/\/www.elsindical.com.ar\/notas\/wp-json\/wp\/v2\/posts\/67339","targetHints":{"allow":["GET"]}}],"collection":[{"href":"https:\/\/www.elsindical.com.ar\/notas\/wp-json\/wp\/v2\/posts"}],"about":[{"href":"https:\/\/www.elsindical.com.ar\/notas\/wp-json\/wp\/v2\/types\/post"}],"author":[{"embeddable":true,"href":"https:\/\/www.elsindical.com.ar\/notas\/wp-json\/wp\/v2\/users\/1"}],"replies":[{"embeddable":true,"href":"https:\/\/www.elsindical.com.ar\/notas\/wp-json\/wp\/v2\/comments?post=67339"}],"version-history":[{"count":1,"href":"https:\/\/www.elsindical.com.ar\/notas\/wp-json\/wp\/v2\/posts\/67339\/revisions"}],"predecessor-version":[{"id":67340,"href":"https:\/\/www.elsindical.com.ar\/notas\/wp-json\/wp\/v2\/posts\/67339\/revisions\/67340"}],"wp:attachment":[{"href":"https:\/\/www.elsindical.com.ar\/notas\/wp-json\/wp\/v2\/media?parent=67339"}],"wp:term":[{"taxonomy":"category","embeddable":true,"href":"https:\/\/www.elsindical.com.ar\/notas\/wp-json\/wp\/v2\/categories?post=67339"},{"taxonomy":"post_tag","embeddable":true,"href":"https:\/\/www.elsindical.com.ar\/notas\/wp-json\/wp\/v2\/tags?post=67339"}],"curies":[{"name":"wp","href":"https:\/\/api.w.org\/{rel}","templated":true}]}}