{"id":67327,"date":"2017-04-25T09:12:28","date_gmt":"2017-04-25T12:12:28","guid":{"rendered":"http:\/\/www.elsindical.com.ar\/notas\/?p=67327"},"modified":"2017-04-25T09:12:28","modified_gmt":"2017-04-25T12:12:28","slug":"las-flores-mas-de-300-trabajadores-en-estado-de-alerta-en-fabrica-textil","status":"publish","type":"post","link":"https:\/\/www.elsindical.com.ar\/notas\/las-flores-mas-de-300-trabajadores-en-estado-de-alerta-en-fabrica-textil\/","title":{"rendered":"Las Flores: M\u00e1s de 300 trabajadores en estado de alerta en f\u00e1brica textil"},"content":{"rendered":"<p><em><a href=\"http:\/\/www.elsindical.com.ar\/notas\/var\/www\/html\/notas\/wp-content\/uploads\/2017\/04\/textil-Las-Flores.jpg\"><img loading=\"lazy\" decoding=\"async\" class=\"alignnone size-medium wp-image-67328\" src=\"http:\/\/www.elsindical.com.ar\/notas\/var\/www\/html\/notas\/wp-content\/uploads\/2017\/04\/textil-Las-Flores-300x179.jpg\" alt=\"\" width=\"300\" height=\"179\" srcset=\"https:\/\/www.elsindical.com.ar\/notas\/var\/www\/html\/notas\/wp-content\/uploads\/2017\/04\/textil-Las-Flores-300x179.jpg 300w, https:\/\/www.elsindical.com.ar\/notas\/var\/www\/html\/notas\/wp-content\/uploads\/2017\/04\/textil-Las-Flores-500x298.jpg 500w, https:\/\/www.elsindical.com.ar\/notas\/var\/www\/html\/notas\/wp-content\/uploads\/2017\/04\/textil-Las-Flores.jpg 620w\" sizes=\"auto, (max-width: 300px) 100vw, 300px\" \/><\/a>\u00a0 Una vez m\u00e1s, los empleados de la empresa textil GGM de la localidad bonaerense de Las Flores se encuentran en plan de lucha por sus puestos de trabajo.<\/em><\/p>\n<p>Se trata de m\u00e1s de 300 trabajadores que est\u00e1n en vilo por la incertidumbre laboral. De hecho, como la firma adeuda sus haberes, la producci\u00f3n est\u00e1 paralizada.<\/p>\n<p>Seg\u00fan informaci\u00f3n proporcionada a Noticias Las Flores, el titular de GGM, Guillermo Gotelli, har\u00eda hoy una propuesta de pago a sus empleados, la cual se comunicar\u00e1 en el marco de una asamblea con los delegados.<\/p>\n<p>Al parecer, se ofrecer\u00eda pagar una quincena completa para que la empresa comience a producir nuevamente desde el mi\u00e9rcoles 26, mientras que el jueves se completar\u00eda el pago de una quincena adeudada del mes de marzo. En el caso de los empleados mensuales, se le abonar\u00eda solo una quincena.<\/p>\n<p>No obstante, el clima de incertidumbre no cesa. Una opci\u00f3n para sobrellevar este trance ser\u00eda el posible ingreso de una ayuda del Gobierno, la pr\u00f3xima semana. La informaci\u00f3n aun no fue confirmada de modo oficial.<\/p>\n","protected":false},"excerpt":{"rendered":"<p>\u00a0 Una vez m\u00e1s, los empleados de la empresa textil GGM de la localidad bonaerense de Las Flores se encuentran en plan de lucha por sus puestos de trabajo. Se trata de m\u00e1s de 300 trabajadores que est\u00e1n en vilo por la incertidumbre laboral. De hecho, como la firma adeuda sus haberes, la producci\u00f3n est\u00e1&hellip;<\/p>\n","protected":false},"author":1,"featured_media":0,"comment_status":"open","ping_status":"open","sticky":false,"template":"","format":"standard","meta":{"footnotes":""},"categories":[16],"tags":[25790,25791,12338,9620],"class_list":["post-67327","post","type-post","status-publish","format-standard","hentry","category-gremiales","tag-ggm","tag-guillermo-gotelli","tag-las-flores","tag-textil"],"_links":{"self":[{"href":"https:\/\/www.elsindical.com.ar\/notas\/wp-json\/wp\/v2\/posts\/67327","targetHints":{"allow":["GET"]}}],"collection":[{"href":"https:\/\/www.elsindical.com.ar\/notas\/wp-json\/wp\/v2\/posts"}],"about":[{"href":"https:\/\/www.elsindical.com.ar\/notas\/wp-json\/wp\/v2\/types\/post"}],"author":[{"embeddable":true,"href":"https:\/\/www.elsindical.com.ar\/notas\/wp-json\/wp\/v2\/users\/1"}],"replies":[{"embeddable":true,"href":"https:\/\/www.elsindical.com.ar\/notas\/wp-json\/wp\/v2\/comments?post=67327"}],"version-history":[{"count":1,"href":"https:\/\/www.elsindical.com.ar\/notas\/wp-json\/wp\/v2\/posts\/67327\/revisions"}],"predecessor-version":[{"id":67329,"href":"https:\/\/www.elsindical.com.ar\/notas\/wp-json\/wp\/v2\/posts\/67327\/revisions\/67329"}],"wp:attachment":[{"href":"https:\/\/www.elsindical.com.ar\/notas\/wp-json\/wp\/v2\/media?parent=67327"}],"wp:term":[{"taxonomy":"category","embeddable":true,"href":"https:\/\/www.elsindical.com.ar\/notas\/wp-json\/wp\/v2\/categories?post=67327"},{"taxonomy":"post_tag","embeddable":true,"href":"https:\/\/www.elsindical.com.ar\/notas\/wp-json\/wp\/v2\/tags?post=67327"}],"curies":[{"name":"wp","href":"https:\/\/api.w.org\/{rel}","templated":true}]}}