{"id":67303,"date":"2017-04-24T14:05:30","date_gmt":"2017-04-24T17:05:30","guid":{"rendered":"http:\/\/www.elsindical.com.ar\/notas\/?p=67303"},"modified":"2017-04-24T14:05:30","modified_gmt":"2017-04-24T17:05:30","slug":"los-docentes-de-santa-fe-acordaron-aumentos-del-25","status":"publish","type":"post","link":"https:\/\/www.elsindical.com.ar\/notas\/los-docentes-de-santa-fe-acordaron-aumentos-del-25\/","title":{"rendered":"Los docentes de Santa Fe acordaron aumentos del 25%"},"content":{"rendered":"<p class=\"copete\"><em>\u00a0 <a href=\"http:\/\/www.elsindical.com.ar\/notas\/var\/www\/html\/notas\/wp-content\/uploads\/2017\/04\/AMSAFE.jpg\"><img loading=\"lazy\" decoding=\"async\" class=\"alignnone size-medium wp-image-67304\" src=\"http:\/\/www.elsindical.com.ar\/notas\/var\/www\/html\/notas\/wp-content\/uploads\/2017\/04\/AMSAFE-300x176.jpg\" alt=\"\" width=\"300\" height=\"176\" srcset=\"https:\/\/www.elsindical.com.ar\/notas\/var\/www\/html\/notas\/wp-content\/uploads\/2017\/04\/AMSAFE-300x176.jpg 300w, https:\/\/www.elsindical.com.ar\/notas\/var\/www\/html\/notas\/wp-content\/uploads\/2017\/04\/AMSAFE-500x293.jpg 500w, https:\/\/www.elsindical.com.ar\/notas\/var\/www\/html\/notas\/wp-content\/uploads\/2017\/04\/AMSAFE.jpg 690w\" sizes=\"auto, (max-width: 300px) 100vw, 300px\" \/><\/a>Los maestros nucleados en Amsafe y Sadop aceptaron el ofrecimiento del Gobierno. Un maestro de grado que reci\u00e9n se inicia pasar\u00e1 a cobrar $14.156 en marzo y $15.186 en julio.<\/em><\/p>\n<p>Los trabajadores docentes de la provincia de Santa Fe tendr\u00e1n un<strong> aumento salarial del 25%<\/strong>, tras la aceptaci\u00f3n de los gremios del sector de la propuesta realizada por el gobierno provincial que conduce Miguel Lifschitz.<\/p>\n<p>La <strong>Asamblea Provincial de AMSAFE<\/strong> -gremio que representa a docentes de escuelas estatales- resolvi\u00f3 \u00a0aceptar por el 85% de los votos la propuesta salarial que el gobierno de Santa Fe realiz\u00f3 en la mesa paritaria el pasado 18 de este mes.<\/p>\n<p>Entre los considerandos, se se\u00f1al\u00f3 que producto de la lucha sostenida y unitaria de AMSAFE, el Gobierno realiz\u00f3 la cuarta propuesta que aumenta los salarios de bolsillo a partir de un 25,4, hasta 26 y 27 % en julio para ciertos tramos.<\/p>\n<p>\u00abSe incrementa principalmente el salario b\u00e1sico, lo que permite un aumento homog\u00e9neo en todas las categor\u00edas jer\u00e1rquicas y de antig\u00fcedad, y la justa proporcionalidad para los jubilados docentes\u00bb, argument\u00f3 el gremio que conduce<strong> Sonia Alesso<\/strong>, tambi\u00e9n titular de la CTERA.<\/p>\n<p>El gremio defini\u00f3 sostener la lucha nacional en reclamo de Fondos de Financiamiento para la Educaci\u00f3n y <strong>Paritaria Nacional Docente <\/strong>participando de las acciones que se definan desde CTERA y exigir la actualizaci\u00f3n de asignaciones familiares, comedor, copa de leche y gastos de funcionamiento, y Fortalecer los Foros en Defensa de la Educaci\u00f3n P\u00fablica en toda la Provincia.<\/p>\n","protected":false},"excerpt":{"rendered":"<p>\u00a0 Los maestros nucleados en Amsafe y Sadop aceptaron el ofrecimiento del Gobierno. Un maestro de grado que reci\u00e9n se inicia pasar\u00e1 a cobrar $14.156 en marzo y $15.186 en julio. Los trabajadores docentes de la provincia de Santa Fe tendr\u00e1n un aumento salarial del 25%, tras la aceptaci\u00f3n de los gremios del sector de&hellip;<\/p>\n","protected":false},"author":1,"featured_media":0,"comment_status":"open","ping_status":"open","sticky":false,"template":"","format":"standard","meta":{"footnotes":""},"categories":[16],"tags":[25787,2719,778,25788],"class_list":["post-67303","post","type-post","status-publish","format-standard","hentry","category-gremiales","tag-amsafe","tag-ctera","tag-sadop","tag-sonia-alesso"],"_links":{"self":[{"href":"https:\/\/www.elsindical.com.ar\/notas\/wp-json\/wp\/v2\/posts\/67303","targetHints":{"allow":["GET"]}}],"collection":[{"href":"https:\/\/www.elsindical.com.ar\/notas\/wp-json\/wp\/v2\/posts"}],"about":[{"href":"https:\/\/www.elsindical.com.ar\/notas\/wp-json\/wp\/v2\/types\/post"}],"author":[{"embeddable":true,"href":"https:\/\/www.elsindical.com.ar\/notas\/wp-json\/wp\/v2\/users\/1"}],"replies":[{"embeddable":true,"href":"https:\/\/www.elsindical.com.ar\/notas\/wp-json\/wp\/v2\/comments?post=67303"}],"version-history":[{"count":1,"href":"https:\/\/www.elsindical.com.ar\/notas\/wp-json\/wp\/v2\/posts\/67303\/revisions"}],"predecessor-version":[{"id":67305,"href":"https:\/\/www.elsindical.com.ar\/notas\/wp-json\/wp\/v2\/posts\/67303\/revisions\/67305"}],"wp:attachment":[{"href":"https:\/\/www.elsindical.com.ar\/notas\/wp-json\/wp\/v2\/media?parent=67303"}],"wp:term":[{"taxonomy":"category","embeddable":true,"href":"https:\/\/www.elsindical.com.ar\/notas\/wp-json\/wp\/v2\/categories?post=67303"},{"taxonomy":"post_tag","embeddable":true,"href":"https:\/\/www.elsindical.com.ar\/notas\/wp-json\/wp\/v2\/tags?post=67303"}],"curies":[{"name":"wp","href":"https:\/\/api.w.org\/{rel}","templated":true}]}}