{"id":67281,"date":"2017-04-23T23:00:18","date_gmt":"2017-04-24T02:00:18","guid":{"rendered":"http:\/\/www.elsindical.com.ar\/notas\/?p=67281"},"modified":"2017-04-23T23:00:18","modified_gmt":"2017-04-24T02:00:18","slug":"lanus-asesinan-a-un-joven-para-robarle-el-celular-en-valentin-alsina","status":"publish","type":"post","link":"https:\/\/www.elsindical.com.ar\/notas\/lanus-asesinan-a-un-joven-para-robarle-el-celular-en-valentin-alsina\/","title":{"rendered":"Lan\u00fas: Asesinan a un joven para robarle el celular en Valent\u00edn Alsina"},"content":{"rendered":"<p><em>\u00a0\u00a0<a href=\"http:\/\/www.elsindical.com.ar\/notas\/var\/www\/html\/notas\/wp-content\/uploads\/2017\/04\/comisar\u00eda-3ra-Lan\u00fas.jpg\"><img loading=\"lazy\" decoding=\"async\" class=\"alignnone size-medium wp-image-67282\" src=\"http:\/\/www.elsindical.com.ar\/notas\/var\/www\/html\/notas\/wp-content\/uploads\/2017\/04\/comisar\u00eda-3ra-Lan\u00fas-300x173.jpg\" alt=\"\" width=\"300\" height=\"173\" srcset=\"https:\/\/www.elsindical.com.ar\/notas\/var\/www\/html\/notas\/wp-content\/uploads\/2017\/04\/comisar\u00eda-3ra-Lan\u00fas-300x173.jpg 300w, https:\/\/www.elsindical.com.ar\/notas\/var\/www\/html\/notas\/wp-content\/uploads\/2017\/04\/comisar\u00eda-3ra-Lan\u00fas-500x289.jpg 500w, https:\/\/www.elsindical.com.ar\/notas\/var\/www\/html\/notas\/wp-content\/uploads\/2017\/04\/comisar\u00eda-3ra-Lan\u00fas.jpg 680w\" sizes=\"auto, (max-width: 300px) 100vw, 300px\" \/><\/a> La v\u00edctima era un humilde empleado gastron\u00f3mico de 22 a\u00f1os y de nacionalidad peruana. El macabro suceso ocurri\u00f3 en Valent\u00edn Alsina, Provincia de Buenos Aires.<\/em><\/p>\n<p>Cuatro marginales asesinaron salvajemente a cuchilladas a un humilde ciudadano peruano, de 22 a\u00f1os, a quien le robaron una mochila y un aparato de telefon\u00eda celular, en un cruento suceso que se registr\u00f3 ayer en la localidad bonaerense de Valent\u00edn Alsina, en el partido de Lan\u00fas. Autoridades policiales lograron detener luego a dos de los criminales. El muchacho fue agredido al regresar de su trabajo de lavaplatos en un local gastron\u00f3mico de la Capital Federal.<\/p>\n<p>Los voceros revelaron que la infortunada v\u00edctima fue identificada como Frank Guti\u00e9rrez Guam\u00e1n, peruano, de 22 a\u00f1os.<\/p>\n<p>El hecho se descubri\u00f3 a las 4.10 de la v\u00edspera, cuando los integrantes del Comando Patrulla (C.P.) de Lan\u00fas, a ra\u00edz de un llamado al n\u00famero telef\u00f3nico de emergencias 911, concurrieron al cruce de Jean Jaures y Luzuriaga, en el citado distrito.<\/p>\n<p>Al arribar al lugar, el personal policial observ\u00f3, a 100 metros de esa esquina, en uno de los pasillos de la denominada Villa Pampa, el cad\u00e1ver del extranjero, que presentaba, a simple vista, dos certeras heridas de arma blanca en la regi\u00f3n tor\u00e1cica.<\/p>\n<p>De inmediato los pesquisas policiales de la comisar\u00eda de Valent\u00edn Alsina (3\u00aa de Lan\u00fas) comenzaron a investigar el crimen y, bas\u00e1ndose en testimonios y en las im\u00e1genes que captaron la c\u00e1maras de vigilancia de la zona, establecieron que el joven, que resid\u00eda desde hac\u00eda siete meses en Argentina, hab\u00eda sido asesinado por cuatro malvivientes.<\/p>\n<p>Guti\u00e9rrez Guam\u00e1n forceje\u00f3 violentamente con dos de los sujetos, quienes, tras acuchillarlo, le sustrajeron una mochila y un tel\u00e9fono celular.<\/p>\n<p>Varios allanamientos<br \/>\nPosteriormente y gracias a esos datos, los servidores p\u00fablicos de la seccional realizaron cuatro allanamientos dentro del asentamiento, situado en el sur del conurbano provincial, oportunidad en la que apresaron a dos de los responsables del crimen, que resultaron ser un individuo llamado Javier, de 39 a\u00f1os, quien resid\u00eda en una finca ubicada en la calle Jean Jaures al 100, y un adolescente de nombre Fernando, de 16 a\u00f1os, quien acab\u00f3 localizado en una vivienda en Luzuriaga sin n\u00famero.<\/p>\n<p>Seg\u00fan manifestaron los informantes, en la casa habitada por Javier los investigadores lograron incautar ropas con manchas de sangre.<\/p>\n<p>Familiares de la humilde v\u00edctima afirmaron que Guti\u00e9rrez Guam\u00e1n fue asesinado mientras regresaba a su domicilio y luego de haber salido a las 2 de la v\u00edspera de su lugar de trabajo en un establecimiento gastron\u00f3mico porte\u00f1o, donde se desempe\u00f1aba como lavaplatos. El joven resid\u00eda a 150 metros del escenario de la agresi\u00f3n y no se descarta que haya conocido a los delincuentes que lo agredieron mortalmente para despojarlo de sus elementos de valor.<\/p>\n<p>En tanto, los polic\u00edas, apoyados por el personal de la Direcci\u00f3n Departamental de Investigaciones de Avellaneda-Lan\u00fas, concretan varias diligencias destinadas a determinar el paradero de los restantes integrantes de la gavilla de asaltantes. La Justicia considera que estos malvivientes ser\u00edan responsables de diferentes robos ocurridos en Valent\u00edn Alsina y tambi\u00e9n en otras localidades aleda\u00f1as.<\/p>\n<p>Intervino en la causa, en un comienzo, la doctora Viviana Giorgi, fiscal en turno de la Unidad Funcional N\u00ba 1 del departamento judicial de Lomas de Zamora, pero luego dicho expediente le fue remitido a la Fiscal\u00eda de Responsabilidad Juvenil N\u00ba 4 de los mismos tribunales.<\/p>\n","protected":false},"excerpt":{"rendered":"<p>\u00a0\u00a0 La v\u00edctima era un humilde empleado gastron\u00f3mico de 22 a\u00f1os y de nacionalidad peruana. El macabro suceso ocurri\u00f3 en Valent\u00edn Alsina, Provincia de Buenos Aires. Cuatro marginales asesinaron salvajemente a cuchilladas a un humilde ciudadano peruano, de 22 a\u00f1os, a quien le robaron una mochila y un aparato de telefon\u00eda celular, en un cruento&hellip;<\/p>\n","protected":false},"author":1,"featured_media":0,"comment_status":"open","ping_status":"open","sticky":false,"template":"","format":"standard","meta":{"footnotes":""},"categories":[22],"tags":[363,209,325],"class_list":["post-67281","post","type-post","status-publish","format-standard","hentry","category-policiales","tag-asesinato","tag-lanus","tag-valentin-alsina"],"_links":{"self":[{"href":"https:\/\/www.elsindical.com.ar\/notas\/wp-json\/wp\/v2\/posts\/67281","targetHints":{"allow":["GET"]}}],"collection":[{"href":"https:\/\/www.elsindical.com.ar\/notas\/wp-json\/wp\/v2\/posts"}],"about":[{"href":"https:\/\/www.elsindical.com.ar\/notas\/wp-json\/wp\/v2\/types\/post"}],"author":[{"embeddable":true,"href":"https:\/\/www.elsindical.com.ar\/notas\/wp-json\/wp\/v2\/users\/1"}],"replies":[{"embeddable":true,"href":"https:\/\/www.elsindical.com.ar\/notas\/wp-json\/wp\/v2\/comments?post=67281"}],"version-history":[{"count":1,"href":"https:\/\/www.elsindical.com.ar\/notas\/wp-json\/wp\/v2\/posts\/67281\/revisions"}],"predecessor-version":[{"id":67283,"href":"https:\/\/www.elsindical.com.ar\/notas\/wp-json\/wp\/v2\/posts\/67281\/revisions\/67283"}],"wp:attachment":[{"href":"https:\/\/www.elsindical.com.ar\/notas\/wp-json\/wp\/v2\/media?parent=67281"}],"wp:term":[{"taxonomy":"category","embeddable":true,"href":"https:\/\/www.elsindical.com.ar\/notas\/wp-json\/wp\/v2\/categories?post=67281"},{"taxonomy":"post_tag","embeddable":true,"href":"https:\/\/www.elsindical.com.ar\/notas\/wp-json\/wp\/v2\/tags?post=67281"}],"curies":[{"name":"wp","href":"https:\/\/api.w.org\/{rel}","templated":true}]}}