{"id":67273,"date":"2017-04-23T11:35:10","date_gmt":"2017-04-23T14:35:10","guid":{"rendered":"http:\/\/www.elsindical.com.ar\/notas\/?p=67273"},"modified":"2017-04-23T11:35:10","modified_gmt":"2017-04-23T14:35:10","slug":"radio-provincia-con-plan-de-lucha","status":"publish","type":"post","link":"https:\/\/www.elsindical.com.ar\/notas\/radio-provincia-con-plan-de-lucha\/","title":{"rendered":"Radio Provincia con plan de lucha"},"content":{"rendered":"<p><em>\u00a0 <a href=\"http:\/\/www.elsindical.com.ar\/notas\/var\/www\/html\/notas\/wp-content\/uploads\/2017\/04\/banner-Radio-Provincia.png\"><img loading=\"lazy\" decoding=\"async\" class=\"alignnone size-medium wp-image-67274\" src=\"http:\/\/www.elsindical.com.ar\/notas\/var\/www\/html\/notas\/wp-content\/uploads\/2017\/04\/banner-Radio-Provincia-300x179.png\" alt=\"\" width=\"300\" height=\"179\" srcset=\"https:\/\/www.elsindical.com.ar\/notas\/var\/www\/html\/notas\/wp-content\/uploads\/2017\/04\/banner-Radio-Provincia-300x179.png 300w, https:\/\/www.elsindical.com.ar\/notas\/var\/www\/html\/notas\/wp-content\/uploads\/2017\/04\/banner-Radio-Provincia-500x298.png 500w, https:\/\/www.elsindical.com.ar\/notas\/var\/www\/html\/notas\/wp-content\/uploads\/2017\/04\/banner-Radio-Provincia.png 620w\" sizes=\"auto, (max-width: 300px) 100vw, 300px\" \/><\/a>La gesti\u00f3n de Mar\u00eda Eugenia Vidal al frente de la Provincia signific\u00f3 para los trabajadores de la radio oficial un desaf\u00edo que nunca antes hab\u00edan debido afrontar: mantener a la emisora con el mismo nivel de audiencia y calidad, pero con menos presupuesto y sin apoyo de las autoridades.<\/em><\/p>\n<p>Los reclamos de los trabajadores son varios, y aseguran que si la gesti\u00f3n de la gobernadora Mar\u00eda Eugenia Vidal no cambia su pol\u00edtica general hacia ese medio de comunicaci\u00f3n, el destino de Radio Provincia es muy complicado.<\/p>\n<p>Los funcionarios desprecian salir al aire en la emisora estatal y dan muestras de fidelidad a los grandes medios de comunicaci\u00f3n privados. Pero las autoridades de la radio poco hacen para visibilizarla. El ejemplo m\u00e1s claro, y que deber\u00edan explicar los funcionarios responsables, es la cuasi desaparici\u00f3n del portal de noticias que ten\u00eda en la web del medio que ahora dirige Franco Bagnatto.<\/p>\n<p>El sitio <a href=\"http:\/\/www.amprovincia.com.ar\/\">http:\/\/www.amprovincia.com.ar\/<\/a> , que era visitado por miles de usuarios y expresaba una valorable y rica pluralidad de voces, ahora est\u00e1 \u201cescondido\u201d detr\u00e1s de otro dominio, pero de la Gobernaci\u00f3n. O sea, el portal est\u00e1, pero detr\u00e1s de otro portal, bien solapado ( <a href=\"http:\/\/www.gba.gob.ar\">http:\/\/www.gba.gob.ar<\/a>\/ ).<\/p>\n<p>\u201cEl viernes pr\u00f3ximo haremos una suelta de globos en la esquina de la radio, pero estamos encaminados a llevar adelante acciones permanentes para que nos atiendan, como por ejemplo cortar alguna calle, marchar a Gobernaci\u00f3n, quiz\u00e1 alguna conferencia de prensa con un documento pol\u00edtico consensuado entre los trabajadores y todos los gremios que est\u00e1n presentes en el sector, u otras acciones que evaluamos llevar adelante para visibilizar nuestra problem\u00e1tica\u201d, explic\u00f3 en dialogo con Blanco Sobre Negro el delegado de ATE Sebasti\u00e1n Moyano.<\/p>\n<p>Por estos d\u00edas, la gesti\u00f3n mantiene firme su pol\u00edtica de achicamiento y cort\u00f3 el di\u00e1logo con la asamblea de trabajadores de m\u00e1s de un centenar de empleados de la emisora que se reuni\u00f3 esta semana.<\/p>\n<p><strong>El plan de lucha<\/strong><\/p>\n<p>Cont\u00f3 Moyano \u201cel programa que nos hemos propuesto tiene tres ejes b\u00e1sicos, que son: una bonificaci\u00f3n, que es una especie de compensaci\u00f3n salarial en negro\u201d para recuperar poder adquisitivo.<\/p>\n<p>En la \u00faltima asamblea se abord\u00f3 una problem\u00e1tica que describe muy bien c\u00f3mo est\u00e1n las cosas en la Radio. \u201cEl d\u00eda 15 de cada mes, m\u00e1s o menos, empezamos a pedir plata entre nosotros en los pasillos de la radio, es algo que no hab\u00edamos visto nunca\u201d, mencion\u00f3 Moyano.<\/p>\n<p>En este contexto los trabajadores no tienen mucho tiempo para seguir esperando. \u201cLa secretar\u00eda de Medios est\u00e1 en condiciones inmejorables para afrontar un aporte econ\u00f3mico, sobre todo si se tiene en cuenta que pas\u00f3 de manejar un presupuesto de 160 millones de pesos a una asignaci\u00f3n de 460 millones. Adem\u00e1s vemos una significativo movimiento de pauta publicitaria, esa plata que va a medios privados que lucran con el estado sale muy f\u00e1cil, pero un refuerzo presupuestario para esta \u00e1rea parece que fuera imposible\u201d, se\u00f1al\u00f3 Moyano.<\/p>\n<p>Tambi\u00e9n describi\u00f3 los \u201cproblemas de infraestructura en el edificio y falta de equipamiento\u201d . Dijo: \u201cLos bidones de agua se llenan con la canilla, y la calidad que tiene es bastante dudosa , debido a que no se realiza el mantenimiento adecuado sobre las ca\u00f1er\u00edas y el tanque del edificio\u201d.<\/p>\n<p>\u201cEl otro punto que pedimos es el pase a planta permanente de todos los precarizados de la secretar\u00eda de Medios (40 en total), que incluyen a los 12 de la emisora, que se encuentran en esas condiciones de contrataci\u00f3n. Hay cargos vacantes de \u00e1reas criticas que no se cubren, con por ejemplo los 4 que dejaron su puesto como operadores pero fueron reemplazados por otros 4 contratados. As\u00ed flexibilizan las tareas y arrojan un manto de incertidumbre sobre cada persona en condici\u00f3n de inestabilidad. Esto ocurre desde el 2015. La gesti\u00f3n actual, mientras, nombr\u00f3 asesores, pas\u00f3 a planta a funcionarios, pero a nuestros compa\u00f1eros se los excluy\u00f3 de ese derecho\u201d, agreg\u00f3.<\/p>\n<p>\u201cY el tercer punto del plan de lucha es el reclamo por inversi\u00f3n y mantenimiento. Tenemos computadoras del per\u00edodo Cuaternario , muy lentas. Otras veces tenemos que producir notas con nuestros propios celulares , las redes son muy malas , no funciona el aire acondicionado que refrigera los equipos de transmisi\u00f3n (lo que pone en riesgo su capacidad para seguir funcionando), los veh\u00edculos, seg\u00fan testimonios de los choferes, est\u00e1n funcionando en un 70 por ciento de su capacidad. Ni siquiera hay sillas para el personal, es un desastre que tiene muchas aristas\u201d.<\/p>\n","protected":false},"excerpt":{"rendered":"<p>\u00a0 La gesti\u00f3n de Mar\u00eda Eugenia Vidal al frente de la Provincia signific\u00f3 para los trabajadores de la radio oficial un desaf\u00edo que nunca antes hab\u00edan debido afrontar: mantener a la emisora con el mismo nivel de audiencia y calidad, pero con menos presupuesto y sin apoyo de las autoridades. Los reclamos de los trabajadores&hellip;<\/p>\n","protected":false},"author":1,"featured_media":0,"comment_status":"open","ping_status":"open","sticky":false,"template":"","format":"standard","meta":{"footnotes":""},"categories":[28],"tags":[290,12935,25775],"class_list":["post-67273","post","type-post","status-publish","format-standard","hentry","category-empresariales","tag-ate","tag-plan-de-lucha","tag-radio-provincia"],"_links":{"self":[{"href":"https:\/\/www.elsindical.com.ar\/notas\/wp-json\/wp\/v2\/posts\/67273","targetHints":{"allow":["GET"]}}],"collection":[{"href":"https:\/\/www.elsindical.com.ar\/notas\/wp-json\/wp\/v2\/posts"}],"about":[{"href":"https:\/\/www.elsindical.com.ar\/notas\/wp-json\/wp\/v2\/types\/post"}],"author":[{"embeddable":true,"href":"https:\/\/www.elsindical.com.ar\/notas\/wp-json\/wp\/v2\/users\/1"}],"replies":[{"embeddable":true,"href":"https:\/\/www.elsindical.com.ar\/notas\/wp-json\/wp\/v2\/comments?post=67273"}],"version-history":[{"count":1,"href":"https:\/\/www.elsindical.com.ar\/notas\/wp-json\/wp\/v2\/posts\/67273\/revisions"}],"predecessor-version":[{"id":67275,"href":"https:\/\/www.elsindical.com.ar\/notas\/wp-json\/wp\/v2\/posts\/67273\/revisions\/67275"}],"wp:attachment":[{"href":"https:\/\/www.elsindical.com.ar\/notas\/wp-json\/wp\/v2\/media?parent=67273"}],"wp:term":[{"taxonomy":"category","embeddable":true,"href":"https:\/\/www.elsindical.com.ar\/notas\/wp-json\/wp\/v2\/categories?post=67273"},{"taxonomy":"post_tag","embeddable":true,"href":"https:\/\/www.elsindical.com.ar\/notas\/wp-json\/wp\/v2\/tags?post=67273"}],"curies":[{"name":"wp","href":"https:\/\/api.w.org\/{rel}","templated":true}]}}