{"id":67252,"date":"2017-04-22T09:12:54","date_gmt":"2017-04-22T12:12:54","guid":{"rendered":"http:\/\/www.elsindical.com.ar\/notas\/?p=67252"},"modified":"2017-04-22T09:12:54","modified_gmt":"2017-04-22T12:12:54","slug":"ona-saez-escandalo-y-torpes-explicaciones","status":"publish","type":"post","link":"https:\/\/www.elsindical.com.ar\/notas\/ona-saez-escandalo-y-torpes-explicaciones\/","title":{"rendered":"Ona Saez, esc\u00e1ndalo y torpes explicaciones"},"content":{"rendered":"<p><em><a href=\"http:\/\/www.elsindical.com.ar\/notas\/var\/www\/html\/notas\/wp-content\/uploads\/2017\/04\/ona-saez-kids.jpg\"><img loading=\"lazy\" decoding=\"async\" class=\"alignnone size-medium wp-image-67253\" src=\"http:\/\/www.elsindical.com.ar\/notas\/var\/www\/html\/notas\/wp-content\/uploads\/2017\/04\/ona-saez-kids-300x169.jpg\" alt=\"\" width=\"300\" height=\"169\" srcset=\"https:\/\/www.elsindical.com.ar\/notas\/var\/www\/html\/notas\/wp-content\/uploads\/2017\/04\/ona-saez-kids-300x169.jpg 300w, https:\/\/www.elsindical.com.ar\/notas\/var\/www\/html\/notas\/wp-content\/uploads\/2017\/04\/ona-saez-kids-500x282.jpg 500w, https:\/\/www.elsindical.com.ar\/notas\/var\/www\/html\/notas\/wp-content\/uploads\/2017\/04\/ona-saez-kids.jpg 600w\" sizes=\"auto, (max-width: 300px) 100vw, 300px\" \/><\/a>\u00a0 Ni bien se difundieron las fotos de la campa\u00f1a infantil de la marca, las criticas y el repudio de la gente fue creciendo y oblig\u00f3 a la marca a retirar varias fotos, mientras la responsable daba ins\u00f3litas explicaciones que no convencieron a nadie y que se contradicen con el uso de la edici\u00f3n de im\u00e1genes.<\/em><\/p>\n<p>La marca de ropa Ona Saez despert\u00f3 un enorme repudio luego de dar a conocer su \u00faltima campa\u00f1a en la l\u00ednea infantil que con sus im\u00e1genes promov\u00edan la extrema delgadez y la sexualizaci\u00f3n de la infancia. R\u00e1pidamente, cientos de usuarios de redes sociales criticaron el contenido de la campa\u00f1a publicitaria.<\/p>\n<p>Frente a la enorme repercusi\u00f3n, la marca retir\u00f3 las im\u00e1genes de circulaci\u00f3n y la respuesta no tardo en llegar. Sin embargo, Laura Audisio, responsable de la licencia Ona Saez Kids, justific\u00f3 la elecci\u00f3n de las modelos: \u00abEn las fotos quisimos mostrar la ropa, no trasmitir lo que dicen, nosotros elegimos gente com\u00fan, gente sana, gente saludable, la realidad es que nos puso muy tristes todo lo que paso, jam\u00e1s quisimos transmitir la anorexia o la bulimia\u00bb.<\/p>\n<p>Las cr\u00edticas no s\u00f3lo giraban en torno a la extrema delgadez de las menores sino tambi\u00e9n a su adultez forzada y su sexualizaci\u00f3n, algo frecuente en la industria. \u00abNo nos parecen posiciones sexuales, son nenas, la realidad es que posan normalmente, nunca les vamos a decir que posen sexy o insin\u00faen algo, no quisimos transmitir sexualidad, por eso no ponemos un nene con una nena, estamos lejos de la sexualidad que dicen que queremos insinuar\u00bb, agreg\u00f3 Audisio.<\/p>\n<p>Los comentarios tambi\u00e9n destacaban la actitud \u00abde tristeza\u00bb que transmiten las chicas en las fotos, vestidas con tops y minifaldas, que miran serias a c\u00e1mara. \u00abNo forzamos a los chicos a re\u00edrse estando en un estudio, nos parece l\u00f3gico que est\u00e9n prob\u00e1ndose ropa y no sonr\u00edan, ellos se sienten modelos y los modelos en las campa\u00f1as normalmente no est\u00e1n en actitud de re\u00edrse\u00bb, explicaron desde la marca.<\/p>\n<p>Por otra parte, algunos usuarios tambi\u00e9n les adjudican la responsabilidad a los padres de las menores.<\/p>\n<p>La campa\u00f1a tambi\u00e9n incluye modelos varones que responden a la misma est\u00e9tica. \u00abSon chicos deportistas que hasta hacen surf o meditan, est\u00e1n sanos mentalmente y en su cuerpo, nunca pensamos que iba a pasar esto. En otras campa\u00f1as hay otra variedad de chicos, tambi\u00e9n hay chicos casta\u00f1os y morochos\u00bb, detall\u00f3 la responsable.<\/p>\n<p><a href=\"http:\/\/www.elsindical.com.ar\/notas\/var\/www\/html\/notas\/wp-content\/uploads\/2017\/04\/Ona-Saez-edici\u00f3n-chicos.jpg\"><img loading=\"lazy\" decoding=\"async\" class=\"alignnone size-medium wp-image-67255\" src=\"http:\/\/www.elsindical.com.ar\/notas\/var\/www\/html\/notas\/wp-content\/uploads\/2017\/04\/Ona-Saez-edici\u00f3n-chicos-300x273.jpg\" alt=\"\" width=\"300\" height=\"273\" srcset=\"https:\/\/www.elsindical.com.ar\/notas\/var\/www\/html\/notas\/wp-content\/uploads\/2017\/04\/Ona-Saez-edici\u00f3n-chicos-300x273.jpg 300w, https:\/\/www.elsindical.com.ar\/notas\/var\/www\/html\/notas\/wp-content\/uploads\/2017\/04\/Ona-Saez-edici\u00f3n-chicos-330x300.jpg 330w, https:\/\/www.elsindical.com.ar\/notas\/var\/www\/html\/notas\/wp-content\/uploads\/2017\/04\/Ona-Saez-edici\u00f3n-chicos.jpg 620w\" sizes=\"auto, (max-width: 300px) 100vw, 300px\" \/><\/a> <a href=\"http:\/\/www.elsindical.com.ar\/notas\/var\/www\/html\/notas\/wp-content\/uploads\/2017\/04\/ona-saez-kids1.jpg\"><img loading=\"lazy\" decoding=\"async\" class=\"alignnone size-medium wp-image-67254\" src=\"http:\/\/www.elsindical.com.ar\/notas\/var\/www\/html\/notas\/wp-content\/uploads\/2017\/04\/ona-saez-kids1-300x141.jpg\" alt=\"\" width=\"300\" height=\"141\" srcset=\"https:\/\/www.elsindical.com.ar\/notas\/var\/www\/html\/notas\/wp-content\/uploads\/2017\/04\/ona-saez-kids1-300x141.jpg 300w, https:\/\/www.elsindical.com.ar\/notas\/var\/www\/html\/notas\/wp-content\/uploads\/2017\/04\/ona-saez-kids1-500x235.jpg 500w, https:\/\/www.elsindical.com.ar\/notas\/var\/www\/html\/notas\/wp-content\/uploads\/2017\/04\/ona-saez-kids1.jpg 600w\" sizes=\"auto, (max-width: 300px) 100vw, 300px\" \/><\/a><\/p>\n","protected":false},"excerpt":{"rendered":"<p>\u00a0 Ni bien se difundieron las fotos de la campa\u00f1a infantil de la marca, las criticas y el repudio de la gente fue creciendo y oblig\u00f3 a la marca a retirar varias fotos, mientras la responsable daba ins\u00f3litas explicaciones que no convencieron a nadie y que se contradicen con el uso de la edici\u00f3n de&hellip;<\/p>\n","protected":false},"author":1,"featured_media":0,"comment_status":"open","ping_status":"open","sticky":false,"template":"","format":"standard","meta":{"footnotes":""},"categories":[25],"tags":[3027,3631,25767,8470],"class_list":["post-67252","post","type-post","status-publish","format-standard","hentry","category-sociedad","tag-campana","tag-fotos","tag-ona-saez-kids","tag-polemica"],"_links":{"self":[{"href":"https:\/\/www.elsindical.com.ar\/notas\/wp-json\/wp\/v2\/posts\/67252","targetHints":{"allow":["GET"]}}],"collection":[{"href":"https:\/\/www.elsindical.com.ar\/notas\/wp-json\/wp\/v2\/posts"}],"about":[{"href":"https:\/\/www.elsindical.com.ar\/notas\/wp-json\/wp\/v2\/types\/post"}],"author":[{"embeddable":true,"href":"https:\/\/www.elsindical.com.ar\/notas\/wp-json\/wp\/v2\/users\/1"}],"replies":[{"embeddable":true,"href":"https:\/\/www.elsindical.com.ar\/notas\/wp-json\/wp\/v2\/comments?post=67252"}],"version-history":[{"count":1,"href":"https:\/\/www.elsindical.com.ar\/notas\/wp-json\/wp\/v2\/posts\/67252\/revisions"}],"predecessor-version":[{"id":67256,"href":"https:\/\/www.elsindical.com.ar\/notas\/wp-json\/wp\/v2\/posts\/67252\/revisions\/67256"}],"wp:attachment":[{"href":"https:\/\/www.elsindical.com.ar\/notas\/wp-json\/wp\/v2\/media?parent=67252"}],"wp:term":[{"taxonomy":"category","embeddable":true,"href":"https:\/\/www.elsindical.com.ar\/notas\/wp-json\/wp\/v2\/categories?post=67252"},{"taxonomy":"post_tag","embeddable":true,"href":"https:\/\/www.elsindical.com.ar\/notas\/wp-json\/wp\/v2\/tags?post=67252"}],"curies":[{"name":"wp","href":"https:\/\/api.w.org\/{rel}","templated":true}]}}