{"id":67238,"date":"2017-04-21T09:03:26","date_gmt":"2017-04-21T12:03:26","guid":{"rendered":"http:\/\/www.elsindical.com.ar\/notas\/?p=67238"},"modified":"2017-04-21T09:03:26","modified_gmt":"2017-04-21T12:03:26","slug":"dura-carta-de-un-cirujano-de-la-plata-a-vidal-por-el-estado-de-la-salud-publica","status":"publish","type":"post","link":"https:\/\/www.elsindical.com.ar\/notas\/dura-carta-de-un-cirujano-de-la-plata-a-vidal-por-el-estado-de-la-salud-publica\/","title":{"rendered":"Dura carta de un cirujano de La Plata a Vidal por el estado de la salud p\u00fablica"},"content":{"rendered":"<p class=\"bajada\"><em>\u00a0 <a href=\"http:\/\/www.elsindical.com.ar\/notas\/var\/www\/html\/notas\/wp-content\/uploads\/2017\/04\/hospital-Rossi-de-La-Plata.jpg\"><img loading=\"lazy\" decoding=\"async\" class=\"alignnone size-medium wp-image-67239\" src=\"http:\/\/www.elsindical.com.ar\/notas\/var\/www\/html\/notas\/wp-content\/uploads\/2017\/04\/hospital-Rossi-de-La-Plata-300x179.jpg\" alt=\"\" width=\"300\" height=\"179\" srcset=\"https:\/\/www.elsindical.com.ar\/notas\/var\/www\/html\/notas\/wp-content\/uploads\/2017\/04\/hospital-Rossi-de-La-Plata-300x179.jpg 300w, https:\/\/www.elsindical.com.ar\/notas\/var\/www\/html\/notas\/wp-content\/uploads\/2017\/04\/hospital-Rossi-de-La-Plata-500x298.jpg 500w, https:\/\/www.elsindical.com.ar\/notas\/var\/www\/html\/notas\/wp-content\/uploads\/2017\/04\/hospital-Rossi-de-La-Plata.jpg 620w\" sizes=\"auto, (max-width: 300px) 100vw, 300px\" \/><\/a>Las palabras del Dr. Manuel De Battista, del Hospital Rossi de la capital bonaerense, revelan las serias dificultades que atraviesan el sector.<\/em><\/p>\n<p>Un m\u00e9dico de La Plata envi\u00f3 una carta abierta a la gobernadora Mar\u00eda Eugenia Vidal en la que advierte condiciones de abandono y vulnerabilidad en la que trabajan profesionales de la salud p\u00fablica y pacientes.<\/p>\n<p>La denuncia -dada a conocer por Portal de Noticias- fue realizada por el Dr. Manuel De Battista (MP 116595), quien ejerce en el Hospital P\u00fablico Dr. Rossi de la capital bonaerense. 5 a\u00f1os atr\u00e1s, el especialista hizo la residencia en ese nosocomio y ahora lleva su segundo a\u00f1o como m\u00e9dico cirujano de guardia, trabajando 36 horas semanales.<\/p>\n<p>\u201cDurante mi carrera en el hospital he visto que la atenci\u00f3n a los pacientes, a pesar del esfuerzo de todo el personal hospitalario por dar lo mejor de s\u00ed, se encuentra muy por detr\u00e1s de las necesidades de todas las personas que llegan para atenderse\u201d, dijo Battista, pese a que sostuvo que tanto \u00e9l como muchos de sus compa\u00f1eros han decidido \u201capostar al hospital p\u00fablico\u201d.<\/p>\n<p>\u201cLamentablemente, el sostenimiento de este compromiso se ha convertido en una carrera de obst\u00e1culos\u201d, relat\u00f3. \u201cTodos los d\u00edas estamos expuestos a situaciones de violencia, algunas que terminan con lesiones graves hacia los profesionales, atendiendo en un edificio muy venido a menos, con falta de insumos y recursos tecnol\u00f3gicos, y por un sueldo de $16.000\u201d, detall\u00f3.<\/p>\n<p>A continuaci\u00f3n, el m\u00e9dico le habl\u00f3 directamente a la gobernadora, al mencionar que \u201cnada ha cambiado en este a\u00f1o y medio de gesti\u00f3n\u201d. Incluso, apunt\u00f3 que \u201cproducto del aumento de la pobreza, cada vez son m\u00e1s las personas que se atienden en el hospital\u201d, a quienes \u201cno podemos brindar la atenci\u00f3n necesaria ni tratar los casos en el tiempo y forma\u201d. En este sentido, puntualiz\u00f3 en la demora en la llegada de drogas oncol\u00f3gicas.<\/p>\n<p>\u201c\u00bfSab\u00eda que la gran mayor\u00eda de mis compa\u00f1eros del hospital han votado por usted esperando un cambio real que a\u00fan no ha llegado a los hospitales?\u201d, interrog\u00f3 Battista y, si bien manifest\u00f3 entender que \u201crecibi\u00f3 la provincia en malas condiciones\u201d, le pregunt\u00f3 a Vidal: \u201c\u00bfno le parece que en lugar de permitir aumentarse los sueldos m\u00e1s de 50% a los diputados y senadores o sacarle el impuesto a la miner\u00eda y los agronegocios, ser\u00eda mejor destinar esa plata a la salud?\u201d<\/p>\n<p>Finalmente, invit\u00f3 a la mandataria a que se acerque al hospital Rossi o al resto de los nosocomios de la provincia para que vea \u201cla realidad\u201d. \u201cQuiz\u00e1s eso sirva para que la salud p\u00fablica sea la prioridad del Estado\u201d, concluy\u00f3 el Especialista en Cl\u00ednica Quir\u00fargica.<\/p>\n","protected":false},"excerpt":{"rendered":"<p>\u00a0 Las palabras del Dr. Manuel De Battista, del Hospital Rossi de la capital bonaerense, revelan las serias dificultades que atraviesan el sector. Un m\u00e9dico de La Plata envi\u00f3 una carta abierta a la gobernadora Mar\u00eda Eugenia Vidal en la que advierte condiciones de abandono y vulnerabilidad en la que trabajan profesionales de la salud&hellip;<\/p>\n","protected":false},"author":1,"featured_media":0,"comment_status":"open","ping_status":"open","sticky":false,"template":"","format":"standard","meta":{"footnotes":""},"categories":[6],"tags":[3078,15020,25764,7265],"class_list":["post-67238","post","type-post","status-publish","format-standard","hentry","category-denuncias","tag-carta","tag-hospital-rossi","tag-manuel-de-battista","tag-maria-eugenia-vidal"],"_links":{"self":[{"href":"https:\/\/www.elsindical.com.ar\/notas\/wp-json\/wp\/v2\/posts\/67238","targetHints":{"allow":["GET"]}}],"collection":[{"href":"https:\/\/www.elsindical.com.ar\/notas\/wp-json\/wp\/v2\/posts"}],"about":[{"href":"https:\/\/www.elsindical.com.ar\/notas\/wp-json\/wp\/v2\/types\/post"}],"author":[{"embeddable":true,"href":"https:\/\/www.elsindical.com.ar\/notas\/wp-json\/wp\/v2\/users\/1"}],"replies":[{"embeddable":true,"href":"https:\/\/www.elsindical.com.ar\/notas\/wp-json\/wp\/v2\/comments?post=67238"}],"version-history":[{"count":1,"href":"https:\/\/www.elsindical.com.ar\/notas\/wp-json\/wp\/v2\/posts\/67238\/revisions"}],"predecessor-version":[{"id":67240,"href":"https:\/\/www.elsindical.com.ar\/notas\/wp-json\/wp\/v2\/posts\/67238\/revisions\/67240"}],"wp:attachment":[{"href":"https:\/\/www.elsindical.com.ar\/notas\/wp-json\/wp\/v2\/media?parent=67238"}],"wp:term":[{"taxonomy":"category","embeddable":true,"href":"https:\/\/www.elsindical.com.ar\/notas\/wp-json\/wp\/v2\/categories?post=67238"},{"taxonomy":"post_tag","embeddable":true,"href":"https:\/\/www.elsindical.com.ar\/notas\/wp-json\/wp\/v2\/tags?post=67238"}],"curies":[{"name":"wp","href":"https:\/\/api.w.org\/{rel}","templated":true}]}}