{"id":67216,"date":"2017-04-20T18:12:22","date_gmt":"2017-04-20T21:12:22","guid":{"rendered":"http:\/\/www.elsindical.com.ar\/notas\/?p=67216"},"modified":"2017-04-20T18:12:22","modified_gmt":"2017-04-20T21:12:22","slug":"parque-chacabuco-se-accidento-el-pity-alvarez-sufrio-multiples-fracturas","status":"publish","type":"post","link":"https:\/\/www.elsindical.com.ar\/notas\/parque-chacabuco-se-accidento-el-pity-alvarez-sufrio-multiples-fracturas\/","title":{"rendered":"Parque Chacabuco: Se accident\u00f3 El \u00abPity\u00bb \u00c1lvarez: sufri\u00f3 m\u00faltiples fracturas"},"content":{"rendered":"<p><em><a href=\"http:\/\/www.elsindical.com.ar\/notas\/var\/www\/html\/notas\/wp-content\/uploads\/2009\/12\/Pity-\u00c1lvarez1.jpg\"><img loading=\"lazy\" decoding=\"async\" class=\"alignnone size-full wp-image-2503\" src=\"http:\/\/www.elsindical.com.ar\/notas\/var\/www\/html\/notas\/wp-content\/uploads\/2009\/12\/Pity-\u00c1lvarez1.jpg\" alt=\"\" width=\"266\" height=\"181\" \/><\/a>\u00a0 El m\u00fasico se cay\u00f3 de la moto mientras circulaba por la Autopista 25 de mayo a la altura de la Medalla Milagrosa, en Parque Chacabuco. Fue trasladado al hospital Santojanni y all\u00ed le diagnosticaron rotura de cadera, una de sus piernas y el platillo tibial.<\/em><\/p>\n<p>El Pity \u00c1lvarez sufri\u00f3 un grave accidente en la autopista 25 de mayo, en Parque Chacabuco, y tras ser trasladado al hospital Santojanni le diagnosticaron fractura de cadera, una de sus piernas y el platillo tibial. Permanecer\u00e1 internado por varios d\u00edas.<\/p>\n<p>\u00abEst\u00e1 siendo evaluado\u00bb, dijo Alberto Crescenti, el director del SAME. Por otra parte, trascendi\u00f3 que \u00c1lvarez \u00abdice llamarse Cristian Acosta\u00bb.<\/p>\n<p>Meses atr\u00e1s, el m\u00fasico se retrat\u00f3 con un polic\u00eda mientras paseaba por Lugano. En la imagen, el cantante apareci\u00f3 rapado, con una camiseta de Independiente, una zapatilla de cada color y sin que quedara muy claro si llevaba o no pantalones.<\/p>\n","protected":false},"excerpt":{"rendered":"<p>\u00a0 El m\u00fasico se cay\u00f3 de la moto mientras circulaba por la Autopista 25 de mayo a la altura de la Medalla Milagrosa, en Parque Chacabuco. Fue trasladado al hospital Santojanni y all\u00ed le diagnosticaron rotura de cadera, una de sus piernas y el platillo tibial. El Pity \u00c1lvarez sufri\u00f3 un grave accidente en la&hellip;<\/p>\n","protected":false},"author":1,"featured_media":0,"comment_status":"open","ping_status":"open","sticky":false,"template":"","format":"standard","meta":{"footnotes":""},"categories":[15],"tags":[990,687,1265,2499],"class_list":["post-67216","post","type-post","status-publish","format-standard","hentry","category-espectaculos","tag-accidente","tag-parque-chacabuco","tag-pity-alvarez","tag-same"],"_links":{"self":[{"href":"https:\/\/www.elsindical.com.ar\/notas\/wp-json\/wp\/v2\/posts\/67216","targetHints":{"allow":["GET"]}}],"collection":[{"href":"https:\/\/www.elsindical.com.ar\/notas\/wp-json\/wp\/v2\/posts"}],"about":[{"href":"https:\/\/www.elsindical.com.ar\/notas\/wp-json\/wp\/v2\/types\/post"}],"author":[{"embeddable":true,"href":"https:\/\/www.elsindical.com.ar\/notas\/wp-json\/wp\/v2\/users\/1"}],"replies":[{"embeddable":true,"href":"https:\/\/www.elsindical.com.ar\/notas\/wp-json\/wp\/v2\/comments?post=67216"}],"version-history":[{"count":1,"href":"https:\/\/www.elsindical.com.ar\/notas\/wp-json\/wp\/v2\/posts\/67216\/revisions"}],"predecessor-version":[{"id":67217,"href":"https:\/\/www.elsindical.com.ar\/notas\/wp-json\/wp\/v2\/posts\/67216\/revisions\/67217"}],"wp:attachment":[{"href":"https:\/\/www.elsindical.com.ar\/notas\/wp-json\/wp\/v2\/media?parent=67216"}],"wp:term":[{"taxonomy":"category","embeddable":true,"href":"https:\/\/www.elsindical.com.ar\/notas\/wp-json\/wp\/v2\/categories?post=67216"},{"taxonomy":"post_tag","embeddable":true,"href":"https:\/\/www.elsindical.com.ar\/notas\/wp-json\/wp\/v2\/tags?post=67216"}],"curies":[{"name":"wp","href":"https:\/\/api.w.org\/{rel}","templated":true}]}}