{"id":67171,"date":"2017-04-19T09:31:51","date_gmt":"2017-04-19T12:31:51","guid":{"rendered":"http:\/\/www.elsindical.com.ar\/notas\/?p=67171"},"modified":"2017-04-19T09:31:51","modified_gmt":"2017-04-19T12:31:51","slug":"aefip-capital-firmo-convenio-con-la-universidad-de-san-isidro-sobre-prevencion-de-adicciones-en-el-ambito-laboral","status":"publish","type":"post","link":"https:\/\/www.elsindical.com.ar\/notas\/aefip-capital-firmo-convenio-con-la-universidad-de-san-isidro-sobre-prevencion-de-adicciones-en-el-ambito-laboral\/","title":{"rendered":"AEFIP Capital firm\u00f3 convenio con la Universidad de San Isidro sobre prevenci\u00f3n de adicciones en el \u00e1mbito laboral"},"content":{"rendered":"<p class=\"western\"><em><a href=\"http:\/\/www.elsindical.com.ar\/notas\/var\/www\/html\/notas\/wp-content\/uploads\/2017\/04\/Flores-durante-la-firma-del-convenio-con-Monse\u00f1or-Ojea-y-Baistrocchi.jpg\"><img loading=\"lazy\" decoding=\"async\" class=\"alignnone size-medium wp-image-67172\" src=\"http:\/\/www.elsindical.com.ar\/notas\/var\/www\/html\/notas\/wp-content\/uploads\/2017\/04\/Flores-durante-la-firma-del-convenio-con-Monse\u00f1or-Ojea-y-Baistrocchi-300x200.jpg\" alt=\"\" width=\"300\" height=\"200\" srcset=\"https:\/\/www.elsindical.com.ar\/notas\/var\/www\/html\/notas\/wp-content\/uploads\/2017\/04\/Flores-durante-la-firma-del-convenio-con-Monse\u00f1or-Ojea-y-Baistrocchi-300x200.jpg 300w, https:\/\/www.elsindical.com.ar\/notas\/var\/www\/html\/notas\/wp-content\/uploads\/2017\/04\/Flores-durante-la-firma-del-convenio-con-Monse\u00f1or-Ojea-y-Baistrocchi-768x512.jpg 768w, https:\/\/www.elsindical.com.ar\/notas\/var\/www\/html\/notas\/wp-content\/uploads\/2017\/04\/Flores-durante-la-firma-del-convenio-con-Monse\u00f1or-Ojea-y-Baistrocchi-1024x683.jpg 1024w, https:\/\/www.elsindical.com.ar\/notas\/var\/www\/html\/notas\/wp-content\/uploads\/2017\/04\/Flores-durante-la-firma-del-convenio-con-Monse\u00f1or-Ojea-y-Baistrocchi-450x300.jpg 450w, https:\/\/www.elsindical.com.ar\/notas\/var\/www\/html\/notas\/wp-content\/uploads\/2017\/04\/Flores-durante-la-firma-del-convenio-con-Monse\u00f1or-Ojea-y-Baistrocchi.jpg 1200w\" sizes=\"auto, (max-width: 300px) 100vw, 300px\" \/><\/a>\u00a0\u00a0 La seccional Capital de la Asociaci\u00f3n de Empleados Fiscales e Ingresos P\u00fablicos (AEFIP) firm\u00f3 este martes un convenio de colaboraci\u00f3n institucional con la Universidad de San Isidro \u201cDr. Pl\u00e1cido Mar\u00edn\u201d (USI), con el objetivo de intensificar las tareas de prevenci\u00f3n de adicciones en el \u00e1mbito laboral.<\/em><\/p>\n<p class=\"western\">La r\u00fabrica del acuerdo se realiz\u00f3 en la sede del Obispado de San Isidro entre el secretario general de AEFIP Capital,\u00a0<strong>Pablo Flores<\/strong>, y el rector de la Universidad de San Isidro,\u00a0<strong>Dr. Gualberto Baistrocchi<\/strong>, con participaci\u00f3n del Obispo de la Di\u00f3cesis local y Presidente de C\u00e1ritas Argentina,\u00a0<strong>Oscar Vicente Ojea<\/strong>.<\/p>\n<p class=\"western\">\u201cAsumimos el compromiso de encarar una problem\u00e1tica muy sensible que necesita de un tratamiento especial. Como organizaci\u00f3n sindical vamos a ayudar a cada trabajador y su familia a enfrentar y superar la enfermedad\u201d, destac\u00f3 Flores, en representaci\u00f3n de los empleados de la Administraci\u00f3n Federal de Ingresos P\u00fablicos (AFIP) en Capital Federal y Zona Metropolitana.<\/p>\n<p class=\"western\">El convenio tiene como objetivo establecer un marco general de colaboraci\u00f3n mutuo para desarrollar y promover actividades de Extensi\u00f3n Universitaria e Investigaci\u00f3n, enmarcados dentro del trabajo realizado junto a los\u00a0<strong>Centros Barriales Diocesanos<\/strong>, dependientes del Obispado de San Isidro, referido a la tem\u00e1tica de la \u201cPrevenci\u00f3n de adicciones en el \u00e1mbito laboral\u201d.<\/p>\n<p class=\"western\">AEFIP Capital explic\u00f3 que el acuerdo plasma el trabajo acad\u00e9mico realizado durante 2016 de manera mancomunada con la USI, con el apoyo de la Iglesia y en particular de Monse\u00f1or Ojea. \u201cAgradecemos al Rector Biastrocchi y al titular del Obispado de San Isidro por el compromiso y acompa\u00f1amiento en la lucha del flagelo de la droga que tan mal hace a nuestra sociedad\u201d, expres\u00f3 Flores, quien se\u00f1al\u00f3 que el convenio se da en el marco de la emergencia en adicciones que promulg\u00f3 el gobierno a pedido de la Iglesia a fines del a\u00f1o pasado.<\/p>\n<p class=\"western\">De la firma tambi\u00e9n formaron parte representantes gremiales de Ceramistas, Sindicato \u00danico de Trabajadores del Estado de la Ciudad de Buenos Aires (SUTECBA), Sindicato de Empleados de la Industria del Vidrio y Afines de la Rep\u00fablica Argentina (SEIVARA), Judiciales, Empleados de Comercio Zona Oeste (SEOCA), Sindicato \u00danico de Trabajadores de Control de Admisi\u00f3n y Permanencia (SUTCAPRA) y Burs\u00e1tiles.<\/p>\n<p class=\"western\">&#8211; Para notas: Roberto \u00c1lvarez, secretario de Prensa de AEFIP Capital \u2013 (11-5420-1636)<\/p>\n<p class=\"western\">&#8211; Twitter:\u00a0<a title=\"Este enlace externo se abrir\u00e1 en una nueva ventana\" href=\"https:\/\/twitter.com\/PrensaAEFIP\" target=\"_blank\" rel=\"noreferrer\">@PrensaAEFIP<\/a>\u00a0\u2013 Facebook:\u00a0<a title=\"Este enlace externo se abrir\u00e1 en una nueva ventana\" href=\"https:\/\/www.facebook.com\/Aefip-Capital-1523239851306807\/\" target=\"_blank\" rel=\"noreferrer\">Aefip Capital<\/a><\/p>\n","protected":false},"excerpt":{"rendered":"<p>\u00a0\u00a0 La seccional Capital de la Asociaci\u00f3n de Empleados Fiscales e Ingresos P\u00fablicos (AEFIP) firm\u00f3 este martes un convenio de colaboraci\u00f3n institucional con la Universidad de San Isidro \u201cDr. Pl\u00e1cido Mar\u00edn\u201d (USI), con el objetivo de intensificar las tareas de prevenci\u00f3n de adicciones en el \u00e1mbito laboral. La r\u00fabrica del acuerdo se realiz\u00f3 en la&hellip;<\/p>\n","protected":false},"author":1,"featured_media":0,"comment_status":"open","ping_status":"open","sticky":false,"template":"","format":"standard","meta":{"footnotes":""},"categories":[16],"tags":[22529,69,25750],"class_list":["post-67171","post","type-post","status-publish","format-standard","hentry","category-gremiales","tag-aefip","tag-afip","tag-centros-barriales-diocesanos"],"_links":{"self":[{"href":"https:\/\/www.elsindical.com.ar\/notas\/wp-json\/wp\/v2\/posts\/67171","targetHints":{"allow":["GET"]}}],"collection":[{"href":"https:\/\/www.elsindical.com.ar\/notas\/wp-json\/wp\/v2\/posts"}],"about":[{"href":"https:\/\/www.elsindical.com.ar\/notas\/wp-json\/wp\/v2\/types\/post"}],"author":[{"embeddable":true,"href":"https:\/\/www.elsindical.com.ar\/notas\/wp-json\/wp\/v2\/users\/1"}],"replies":[{"embeddable":true,"href":"https:\/\/www.elsindical.com.ar\/notas\/wp-json\/wp\/v2\/comments?post=67171"}],"version-history":[{"count":1,"href":"https:\/\/www.elsindical.com.ar\/notas\/wp-json\/wp\/v2\/posts\/67171\/revisions"}],"predecessor-version":[{"id":67173,"href":"https:\/\/www.elsindical.com.ar\/notas\/wp-json\/wp\/v2\/posts\/67171\/revisions\/67173"}],"wp:attachment":[{"href":"https:\/\/www.elsindical.com.ar\/notas\/wp-json\/wp\/v2\/media?parent=67171"}],"wp:term":[{"taxonomy":"category","embeddable":true,"href":"https:\/\/www.elsindical.com.ar\/notas\/wp-json\/wp\/v2\/categories?post=67171"},{"taxonomy":"post_tag","embeddable":true,"href":"https:\/\/www.elsindical.com.ar\/notas\/wp-json\/wp\/v2\/tags?post=67171"}],"curies":[{"name":"wp","href":"https:\/\/api.w.org\/{rel}","templated":true}]}}