{"id":67156,"date":"2017-04-18T19:44:58","date_gmt":"2017-04-18T22:44:58","guid":{"rendered":"http:\/\/www.elsindical.com.ar\/notas\/?p=67156"},"modified":"2017-04-18T19:44:58","modified_gmt":"2017-04-18T22:44:58","slug":"san-martin-hallan-objetos-de-araceli","status":"publish","type":"post","link":"https:\/\/www.elsindical.com.ar\/notas\/san-martin-hallan-objetos-de-araceli\/","title":{"rendered":"San Mart\u00edn: Hallan objetos de Araceli"},"content":{"rendered":"<p><em>\u00a0<a href=\"http:\/\/www.elsindical.com.ar\/notas\/var\/www\/html\/notas\/wp-content\/uploads\/2017\/04\/objetos-allados-de-Araceli.jpg\"><img loading=\"lazy\" decoding=\"async\" class=\"alignnone size-medium wp-image-67157\" src=\"http:\/\/www.elsindical.com.ar\/notas\/var\/www\/html\/notas\/wp-content\/uploads\/2017\/04\/objetos-allados-de-Araceli-300x158.jpg\" alt=\"\" width=\"300\" height=\"158\" srcset=\"https:\/\/www.elsindical.com.ar\/notas\/var\/www\/html\/notas\/wp-content\/uploads\/2017\/04\/objetos-allados-de-Araceli-300x158.jpg 300w, https:\/\/www.elsindical.com.ar\/notas\/var\/www\/html\/notas\/wp-content\/uploads\/2017\/04\/objetos-allados-de-Araceli-500x263.jpg 500w, https:\/\/www.elsindical.com.ar\/notas\/var\/www\/html\/notas\/wp-content\/uploads\/2017\/04\/objetos-allados-de-Araceli.jpg 680w\" sizes=\"auto, (max-width: 300px) 100vw, 300px\" \/><\/a>\u00a0 La pista fue encontrada en una calle del partido de San Mart\u00edn, donde la joven desapareci\u00f3 el 1 de abril cuando se dirig\u00eda a su casa. El hermano de la buscada pidi\u00f3, quebrado en llanto, \u00abQue me la devuelvan, la amo, la necesito, por favor\u00bb. Tambi\u00e9n hallaron una cartera y una pulsera que intentan determinar si pertenecen a la chica.<\/em><\/p>\n<p>Encontraron una pulsera y un monedero con un escrito que pertenece a Araceli, la joven desaparecida desde el 1 de abril cuando se dirig\u00eda a su casa despu\u00e9s de una noche con amigos\u00a0en Villa Ballester, partido de San Mart\u00edn.<\/p>\n<p>El hermano identificado como<strong> Marcelo<\/strong> manifest\u00f3 quebrado en llanto:<em> \u00abAmo a mi hermana, la necesito, por favor. Ella es un amor de persona, es simp\u00e1tica con todos\u00bb.\u00a0<\/em><\/p>\n<p>Adem\u00e1s, en las \u00faltimas horas encontraron una pulsera y un aro pero la familia a\u00fan no reconoci\u00f3 que pertenezcan a la joven.<\/p>\n<p>Perros adiestrados en el seguimiento de rastros de personas de los Bomberos Voluntarios de Punta Alta se sumaron a los operativos de b\u00fasqueda. Los elementos fueron encontrados sobre la calle Z\u00e1rate del mismo partido.<\/p>\n","protected":false},"excerpt":{"rendered":"<p>\u00a0\u00a0 La pista fue encontrada en una calle del partido de San Mart\u00edn, donde la joven desapareci\u00f3 el 1 de abril cuando se dirig\u00eda a su casa. El hermano de la buscada pidi\u00f3, quebrado en llanto, \u00abQue me la devuelvan, la amo, la necesito, por favor\u00bb. Tambi\u00e9n hallaron una cartera y una pulsera que intentan&hellip;<\/p>\n","protected":false},"author":1,"featured_media":0,"comment_status":"open","ping_status":"open","sticky":false,"template":"","format":"standard","meta":{"footnotes":""},"categories":[22],"tags":[25747,25748,820],"class_list":["post-67156","post","type-post","status-publish","format-standard","hentry","category-policiales","tag-araceli","tag-bomberos-voluntarios-de-punta-alta","tag-san-martin"],"_links":{"self":[{"href":"https:\/\/www.elsindical.com.ar\/notas\/wp-json\/wp\/v2\/posts\/67156","targetHints":{"allow":["GET"]}}],"collection":[{"href":"https:\/\/www.elsindical.com.ar\/notas\/wp-json\/wp\/v2\/posts"}],"about":[{"href":"https:\/\/www.elsindical.com.ar\/notas\/wp-json\/wp\/v2\/types\/post"}],"author":[{"embeddable":true,"href":"https:\/\/www.elsindical.com.ar\/notas\/wp-json\/wp\/v2\/users\/1"}],"replies":[{"embeddable":true,"href":"https:\/\/www.elsindical.com.ar\/notas\/wp-json\/wp\/v2\/comments?post=67156"}],"version-history":[{"count":1,"href":"https:\/\/www.elsindical.com.ar\/notas\/wp-json\/wp\/v2\/posts\/67156\/revisions"}],"predecessor-version":[{"id":67158,"href":"https:\/\/www.elsindical.com.ar\/notas\/wp-json\/wp\/v2\/posts\/67156\/revisions\/67158"}],"wp:attachment":[{"href":"https:\/\/www.elsindical.com.ar\/notas\/wp-json\/wp\/v2\/media?parent=67156"}],"wp:term":[{"taxonomy":"category","embeddable":true,"href":"https:\/\/www.elsindical.com.ar\/notas\/wp-json\/wp\/v2\/categories?post=67156"},{"taxonomy":"post_tag","embeddable":true,"href":"https:\/\/www.elsindical.com.ar\/notas\/wp-json\/wp\/v2\/tags?post=67156"}],"curies":[{"name":"wp","href":"https:\/\/api.w.org\/{rel}","templated":true}]}}