{"id":6713,"date":"2010-05-20T13:01:39","date_gmt":"2010-05-20T16:01:39","guid":{"rendered":"http:\/\/www.elsindical.com.ar\/notas\/?p=6713"},"modified":"2010-05-20T13:01:39","modified_gmt":"2010-05-20T16:01:39","slug":"bajo-flores-asesinan-a-un-taxista","status":"publish","type":"post","link":"https:\/\/www.elsindical.com.ar\/notas\/bajo-flores-asesinan-a-un-taxista\/","title":{"rendered":"Bajo Flores: Asesinan a un taxista"},"content":{"rendered":"<p style=\"text-align: justify;\"><em><a href=\"http:\/\/www.elsindical.com.ar\/notas\/var\/www\/html\/notas\/wp-content\/uploads\/2010\/05\/taxista-asesinado-Bajo-Flor.jpg\"><img loading=\"lazy\" decoding=\"async\" class=\"alignleft size-full wp-image-6714\" title=\"taxista-asesinado-Bajo-Flor\" src=\"http:\/\/www.elsindical.com.ar\/notas\/var\/www\/html\/notas\/wp-content\/uploads\/2010\/05\/taxista-asesinado-Bajo-Flor.jpg\" alt=\"\" width=\"227\" height=\"138\" \/><\/a>El conductor del veh\u00edculo fue atado por un sujeto. El hombre falleci\u00f3 en el hospital cuando lo iban a operar. La polic\u00eda detuvo a un sospechoso de 20 a\u00f1os, de nacionalidad boliviana, a quien le incautaron una arma de fuego en la villa 1-11-14. Interviene la comisar\u00eda 34.<\/em><\/p>\n<p style=\"text-align: justify;\">Un taxista muri\u00f3 hoy luego de haber recibido un balazo en el cuello, en medio de un violento asalto registrado en el barrio porte\u00f1o de Flores.<\/p>\n<p>Seg\u00fan informaron fuentes policiales, el tr\u00e1gico asalto se produjo en Varela y Perito Moreno, cerca de la villa de emergencia 1.11.14, en la zona del Bajo Flores, en esta capital.<\/p>\n<p>El hombre falleci\u00f3 en el hospital cuando lo iban a operar. La polic\u00eda detuvo a un sospechoso de 20 a\u00f1os, de nacionalidad boliviana, a quien le incautaron una arma de fuego en la villa 1-11-14. Interviene la comisar\u00eda 34.<\/p>\n","protected":false},"excerpt":{"rendered":"<p>El conductor del veh\u00edculo fue atado por un sujeto. El hombre falleci\u00f3 en el hospital cuando lo iban a operar. La polic\u00eda detuvo a un sospechoso de 20 a\u00f1os, de nacionalidad boliviana, a quien le incautaron una arma de fuego en la villa 1-11-14. Interviene la comisar\u00eda 34. Un taxista muri\u00f3 hoy luego de haber&hellip;<\/p>\n","protected":false},"author":1,"featured_media":0,"comment_status":"open","ping_status":"open","sticky":false,"template":"","format":"standard","meta":{"footnotes":""},"categories":[22],"tags":[39,3452,3451,91,30,116,685],"class_list":["post-6713","post","type-post","status-publish","format-standard","hentry","category-policiales","tag-asesinado","tag-bajo-flores","tag-boliviano","tag-detenido","tag-policia","tag-robo","tag-taxista"],"_links":{"self":[{"href":"https:\/\/www.elsindical.com.ar\/notas\/wp-json\/wp\/v2\/posts\/6713","targetHints":{"allow":["GET"]}}],"collection":[{"href":"https:\/\/www.elsindical.com.ar\/notas\/wp-json\/wp\/v2\/posts"}],"about":[{"href":"https:\/\/www.elsindical.com.ar\/notas\/wp-json\/wp\/v2\/types\/post"}],"author":[{"embeddable":true,"href":"https:\/\/www.elsindical.com.ar\/notas\/wp-json\/wp\/v2\/users\/1"}],"replies":[{"embeddable":true,"href":"https:\/\/www.elsindical.com.ar\/notas\/wp-json\/wp\/v2\/comments?post=6713"}],"version-history":[{"count":2,"href":"https:\/\/www.elsindical.com.ar\/notas\/wp-json\/wp\/v2\/posts\/6713\/revisions"}],"predecessor-version":[{"id":6716,"href":"https:\/\/www.elsindical.com.ar\/notas\/wp-json\/wp\/v2\/posts\/6713\/revisions\/6716"}],"wp:attachment":[{"href":"https:\/\/www.elsindical.com.ar\/notas\/wp-json\/wp\/v2\/media?parent=6713"}],"wp:term":[{"taxonomy":"category","embeddable":true,"href":"https:\/\/www.elsindical.com.ar\/notas\/wp-json\/wp\/v2\/categories?post=6713"},{"taxonomy":"post_tag","embeddable":true,"href":"https:\/\/www.elsindical.com.ar\/notas\/wp-json\/wp\/v2\/tags?post=6713"}],"curies":[{"name":"wp","href":"https:\/\/api.w.org\/{rel}","templated":true}]}}