{"id":6703,"date":"2010-05-20T02:19:22","date_gmt":"2010-05-20T05:19:22","guid":{"rendered":"http:\/\/www.elsindical.com.ar\/notas\/?p=6703"},"modified":"2017-05-26T09:50:20","modified_gmt":"2017-05-26T12:50:20","slug":"fanaticos-de-soda-stereo-le-haran-el-aguante-a-cerati-en-el-planetario","status":"publish","type":"post","link":"https:\/\/www.elsindical.com.ar\/notas\/fanaticos-de-soda-stereo-le-haran-el-aguante-a-cerati-en-el-planetario\/","title":{"rendered":"Fan\u00e1ticos de Soda Stereo le har\u00e1n \u201cel aguante\u201d a Cerati en el Planetario"},"content":{"rendered":"<p style=\"text-align: justify;\"><em><a href=\"http:\/\/www.elsindical.com.ar\/notas\/var\/www\/html\/notas\/wp-content\/uploads\/2010\/05\/multitud-Planetario.jpg\"><img loading=\"lazy\" decoding=\"async\" class=\"alignleft size-full wp-image-6704\" title=\"multitud-Planetario\" src=\"http:\/\/www.elsindical.com.ar\/notas\/var\/www\/html\/notas\/wp-content\/uploads\/2010\/05\/multitud-Planetario.jpg\" alt=\"\" width=\"255\" height=\"146\" \/><\/a>A partir de una convocatoria por Twitter y Facebook, los fan\u00e1ticos de la banda que lider\u00f3 el artista se reunir\u00e1n el pr\u00f3ximo domingo 23 para darle fuerza ante la delicada situaci\u00f3n de salud en la que se encuentra.<\/em><\/p>\n<p style=\"text-align: justify;\">\u201cJunta de soderos \u00abTodos por Gustavo Cerati\u00bb es el lema de este encuentro que se realizar\u00e1 el domingo 23 de mayo de 16:00 hs.\u00a0a 18:30 hs.\u00a0en el Planetario de la Ciudad de Buenos Aires.<\/p>\n<p>\u201cEsto es una junta de todas las burbujas de soda que andan dando vueltas por ah\u00ed, nos juntamos en el planetario, por favor lleven una pandereta o los que saben tocar la guitarra llevenla as\u00ed entonamos algunas canciones de Gustavo para mandarle fuerza\u201d, dice la solicitada en Facebook.<\/p>\n<p>Los organizadores afirman que \u201cla idea es que la oraci\u00f3n llega mas si proviene de una masa\u201d. \u201cVamos con toda la onda posible para transmitir que todas las burbujas de soda van al encuentro de la otra y tienen como objetivo ayudar al gran \u00eddolo\u201d, completaron.<\/p>\n<p>El grupo tambi\u00e9n pide que los que no vivan en la Ciudad, puedan \u201carmar algo en alg\u00fan lugar publico de sus ciudades\u201d.<\/p>\n","protected":false},"excerpt":{"rendered":"<p>A partir de una convocatoria por Twitter y Facebook, los fan\u00e1ticos de la banda que lider\u00f3 el artista se reunir\u00e1n el pr\u00f3ximo domingo 23 para darle fuerza ante la delicada situaci\u00f3n de salud en la que se encuentra. \u201cJunta de soderos \u00abTodos por Gustavo Cerati\u00bb es el lema de este encuentro que se realizar\u00e1 el&hellip;<\/p>\n","protected":false},"author":1,"featured_media":0,"comment_status":"open","ping_status":"open","sticky":false,"template":"","format":"standard","meta":{"footnotes":""},"categories":[25],"tags":[3445,3444,3430,3433],"class_list":["post-6703","post","type-post","status-publish","format-standard","hentry","category-sociedad","tag-domingo","tag-el-planetario","tag-gustavo-cerati","tag-soda-stereo"],"_links":{"self":[{"href":"https:\/\/www.elsindical.com.ar\/notas\/wp-json\/wp\/v2\/posts\/6703","targetHints":{"allow":["GET"]}}],"collection":[{"href":"https:\/\/www.elsindical.com.ar\/notas\/wp-json\/wp\/v2\/posts"}],"about":[{"href":"https:\/\/www.elsindical.com.ar\/notas\/wp-json\/wp\/v2\/types\/post"}],"author":[{"embeddable":true,"href":"https:\/\/www.elsindical.com.ar\/notas\/wp-json\/wp\/v2\/users\/1"}],"replies":[{"embeddable":true,"href":"https:\/\/www.elsindical.com.ar\/notas\/wp-json\/wp\/v2\/comments?post=6703"}],"version-history":[{"count":3,"href":"https:\/\/www.elsindical.com.ar\/notas\/wp-json\/wp\/v2\/posts\/6703\/revisions"}],"predecessor-version":[{"id":68280,"href":"https:\/\/www.elsindical.com.ar\/notas\/wp-json\/wp\/v2\/posts\/6703\/revisions\/68280"}],"wp:attachment":[{"href":"https:\/\/www.elsindical.com.ar\/notas\/wp-json\/wp\/v2\/media?parent=6703"}],"wp:term":[{"taxonomy":"category","embeddable":true,"href":"https:\/\/www.elsindical.com.ar\/notas\/wp-json\/wp\/v2\/categories?post=6703"},{"taxonomy":"post_tag","embeddable":true,"href":"https:\/\/www.elsindical.com.ar\/notas\/wp-json\/wp\/v2\/tags?post=6703"}],"curies":[{"name":"wp","href":"https:\/\/api.w.org\/{rel}","templated":true}]}}