{"id":67022,"date":"2017-04-12T20:04:01","date_gmt":"2017-04-12T23:04:01","guid":{"rendered":"http:\/\/www.elsindical.com.ar\/notas\/?p=67022"},"modified":"2017-04-12T20:04:01","modified_gmt":"2017-04-12T23:04:01","slug":"cidh-saluda-decision-de-la-corte-suprema-de-justicia-de-chile","status":"publish","type":"post","link":"https:\/\/www.elsindical.com.ar\/notas\/cidh-saluda-decision-de-la-corte-suprema-de-justicia-de-chile\/","title":{"rendered":"CIDH saluda decisi\u00f3n de la Corte Suprema de Justicia de Chile"},"content":{"rendered":"<p><em>\u00a0\u00a0 <a href=\"http:\/\/www.elsindical.com.ar\/notas\/var\/www\/html\/notas\/wp-content\/uploads\/2017\/03\/CIDH.jpg\"><img loading=\"lazy\" decoding=\"async\" class=\"alignnone size-medium wp-image-66483\" src=\"http:\/\/www.elsindical.com.ar\/notas\/var\/www\/html\/notas\/wp-content\/uploads\/2017\/03\/CIDH-300x180.jpg\" alt=\"\" width=\"300\" height=\"180\" srcset=\"https:\/\/www.elsindical.com.ar\/notas\/var\/www\/html\/notas\/wp-content\/uploads\/2017\/03\/CIDH-300x180.jpg 300w, https:\/\/www.elsindical.com.ar\/notas\/var\/www\/html\/notas\/wp-content\/uploads\/2017\/03\/CIDH-768x461.jpg 768w, https:\/\/www.elsindical.com.ar\/notas\/var\/www\/html\/notas\/wp-content\/uploads\/2017\/03\/CIDH-500x300.jpg 500w, https:\/\/www.elsindical.com.ar\/notas\/var\/www\/html\/notas\/wp-content\/uploads\/2017\/03\/CIDH.jpg 1000w\" sizes=\"auto, (max-width: 300px) 100vw, 300px\" \/><\/a>Washington, D.C. \u2013 La Comisi\u00f3n Interamericana de Derechos Humanos (CIDH) aplaude la decisi\u00f3n de la Corte Suprema de Justicia de Chile mediante la cual condena a 33 ex agentes del Estado por su responsabilidad en los secuestros calificados de cinco miembros del Frente Patri\u00f3tico Manuel Rodr\u00edguez en 1987. Esta decisi\u00f3n representa un significativo paso adelante en la lucha contra la impunidad de las graves violaciones de los derechos humanos cometidas en el pasado.<\/em><\/p>\n<p>Seg\u00fan lo informado por el Poder Judicial de Chile, en septiembre de 1987 Juli\u00e1n Pe\u00f1a Malt\u00e9s, Alejandro Pinochet Arenas, Manuel Sep\u00falveda S\u00e1nchez, Gonzalo Fuenzalida Navarrete y Julio Mu\u00f1oz Ot\u00e1rola fueron detenidos, sin orden judicial, por agentes del Estado, en represalia por el secuestro del coronel de Ej\u00e9rcito Carlos Carre\u00f1o, ocurrido el 1 de septiembre de 1987. Los cinco detenidos fueron v\u00edctimas de desaparici\u00f3n forzada en un operativo conjunto entre la CNI, el Batall\u00f3n de Inteligencia del Ej\u00e9rcito (BIE) y el Comando de Aviaci\u00f3n del Ej\u00e9rcito, y sus restos fueron arrojados al mar en las costa de Quintay.<\/p>\n<p>En la resoluci\u00f3n emitida el 22 de marzo de 2017, la Corte Suprema conden\u00f3 a los agentes: \u00c1lvaro Corbal\u00e1n Castilla y Hugo Salas Wenzel a penas de 15 a\u00f1os de presidio, en calidad de autores en los secuestros calificados. Los otros agentes fueron condenados a penas que var\u00edan entre 3 y 10 a\u00f1os. En el aspecto civil, se confirmaron las demandas de indemnizaci\u00f3n presentadas en contra del Estado de Chile.<\/p>\n<p>La CIDH saluda esta decisi\u00f3n por constituir un significativo avance en el cumplimiento de las obligaciones internacionales asumidas por el Estado de Chile como Estado Miembro de la Organizaci\u00f3n de los Estados Americanos (OEA) y Estado parte de la Convenci\u00f3n Americana de Derechos Humanos. Bajo estas obligaciones, los Estados deben investigar, enjuiciar y sancionar a los responsables de graves violaciones a los derechos humanos.<\/p>\n<p>\u201cEsta decisi\u00f3n es un paso hacia la justicia por graves cr\u00edmenes del pasado, y tambi\u00e9n es una decisi\u00f3n que impacta positivamente en el futuro de Chile y de la regi\u00f3n\u201d, dijo el Comisionado Paulo Vannuchi, Relator de la CIDH para Chile. \u201cSabemos que cuando permanecen en la impunidad las graves violaciones a los derechos humanos y cr\u00edmenes de lesa humanidad perpetradas durante dictaduras o gobiernos autoritarios del pasado, corremos el riesgo de que se repitan. Este avance en la justicia es un acto de reparaci\u00f3n para las v\u00edctimas, y es tambi\u00e9n una forma de prevenir que este tipo de cr\u00edmenes horrendos vuelvan a ocurrir\u201d, agreg\u00f3. \u201cCon esta decisi\u00f3n, la Corte Suprema de Justicia de Chile no s\u00f3lo cumple con los est\u00e1ndares interamericanos en la materia, sino que contribuye a construir un futuro mejor\u201d.<\/p>\n<p>La CIDH saluda este paso hacia la verdad, la justicia y la reparaci\u00f3n e invita al Estado de Chile a seguir avanzando en la investigaci\u00f3n de los graves cr\u00edmenes perpetrados durante el r\u00e9gimen militar, la identificaci\u00f3n de sus responsables, la aplicaci\u00f3n de sanciones, y la determinaci\u00f3n de reparaciones justas.<\/p>\n<p>La CIDH es un \u00f3rgano principal y aut\u00f3nomo de la Organizaci\u00f3n de los Estados Americanos (OEA), cuyo mandato surge de la Carta de la OEA y de la Convenci\u00f3n Americana sobre Derechos Humanos. La Comisi\u00f3n Interamericana tiene el mandato de promover la observancia de los derechos humanos en la regi\u00f3n y act\u00faa como \u00f3rgano consultivo de la OEA en la materia. La CIDH est\u00e1 integrada por siete miembros independientes que son elegidos por la Asamblea General de la OEA a t\u00edtulo personal, y no representan sus pa\u00edses de origen o residencia.<\/p>\n<p>Datos de contacto:<br \/>\nMar\u00eda Isabel Rivero | Oficina de Prensa y Comunicaci\u00f3n de la CIDH<br \/>\ncidh-prensa@oas.org<\/p>\n<p>Nuestra direcci\u00f3n de correo postal es:<br \/>\nCIDH \/ IACHR<br \/>\nSede \/ Headquarters<br \/>\n1889 F Street NW<br \/>\nWashington, D.C. 20006<\/p>\n","protected":false},"excerpt":{"rendered":"<p>\u00a0\u00a0 Washington, D.C. \u2013 La Comisi\u00f3n Interamericana de Derechos Humanos (CIDH) aplaude la decisi\u00f3n de la Corte Suprema de Justicia de Chile mediante la cual condena a 33 ex agentes del Estado por su responsabilidad en los secuestros calificados de cinco miembros del Frente Patri\u00f3tico Manuel Rodr\u00edguez en 1987. Esta decisi\u00f3n representa un significativo paso&hellip;<\/p>\n","protected":false},"author":1,"featured_media":0,"comment_status":"open","ping_status":"open","sticky":false,"template":"","format":"standard","meta":{"footnotes":""},"categories":[8],"tags":[25710,1200,5139,12972,901],"class_list":["post-67022","post","type-post","status-publish","format-standard","hentry","category-derechos-humanos","tag-bie","tag-chile","tag-cidh","tag-oea","tag-suprema-corte"],"_links":{"self":[{"href":"https:\/\/www.elsindical.com.ar\/notas\/wp-json\/wp\/v2\/posts\/67022","targetHints":{"allow":["GET"]}}],"collection":[{"href":"https:\/\/www.elsindical.com.ar\/notas\/wp-json\/wp\/v2\/posts"}],"about":[{"href":"https:\/\/www.elsindical.com.ar\/notas\/wp-json\/wp\/v2\/types\/post"}],"author":[{"embeddable":true,"href":"https:\/\/www.elsindical.com.ar\/notas\/wp-json\/wp\/v2\/users\/1"}],"replies":[{"embeddable":true,"href":"https:\/\/www.elsindical.com.ar\/notas\/wp-json\/wp\/v2\/comments?post=67022"}],"version-history":[{"count":1,"href":"https:\/\/www.elsindical.com.ar\/notas\/wp-json\/wp\/v2\/posts\/67022\/revisions"}],"predecessor-version":[{"id":67023,"href":"https:\/\/www.elsindical.com.ar\/notas\/wp-json\/wp\/v2\/posts\/67022\/revisions\/67023"}],"wp:attachment":[{"href":"https:\/\/www.elsindical.com.ar\/notas\/wp-json\/wp\/v2\/media?parent=67022"}],"wp:term":[{"taxonomy":"category","embeddable":true,"href":"https:\/\/www.elsindical.com.ar\/notas\/wp-json\/wp\/v2\/categories?post=67022"},{"taxonomy":"post_tag","embeddable":true,"href":"https:\/\/www.elsindical.com.ar\/notas\/wp-json\/wp\/v2\/tags?post=67022"}],"curies":[{"name":"wp","href":"https:\/\/api.w.org\/{rel}","templated":true}]}}