{"id":66989,"date":"2017-04-11T20:01:49","date_gmt":"2017-04-11T23:01:49","guid":{"rendered":"http:\/\/www.elsindical.com.ar\/notas\/?p=66989"},"modified":"2017-04-11T20:01:49","modified_gmt":"2017-04-11T23:01:49","slug":"asi-funciona-el-conservatorio-manuel-de-falla","status":"publish","type":"post","link":"https:\/\/www.elsindical.com.ar\/notas\/asi-funciona-el-conservatorio-manuel-de-falla\/","title":{"rendered":"As\u00ed funciona el Conservatorio Manuel de Falla"},"content":{"rendered":"<p><a href=\"http:\/\/www.elsindical.com.ar\/notas\/var\/www\/html\/notas\/wp-content\/uploads\/2016\/10\/reclamo-Conservatorio-Manuel-de-Falla.jpg\"><img loading=\"lazy\" decoding=\"async\" class=\"alignnone size-medium wp-image-62972\" src=\"http:\/\/www.elsindical.com.ar\/notas\/var\/www\/html\/notas\/wp-content\/uploads\/2016\/10\/reclamo-Conservatorio-Manuel-de-Falla-300x200.jpg\" alt=\"\" width=\"300\" height=\"200\" srcset=\"https:\/\/www.elsindical.com.ar\/notas\/var\/www\/html\/notas\/wp-content\/uploads\/2016\/10\/reclamo-Conservatorio-Manuel-de-Falla-300x200.jpg 300w, https:\/\/www.elsindical.com.ar\/notas\/var\/www\/html\/notas\/wp-content\/uploads\/2016\/10\/reclamo-Conservatorio-Manuel-de-Falla-451x300.jpg 451w, https:\/\/www.elsindical.com.ar\/notas\/var\/www\/html\/notas\/wp-content\/uploads\/2016\/10\/reclamo-Conservatorio-Manuel-de-Falla.jpg 738w\" sizes=\"auto, (max-width: 300px) 100vw, 300px\" \/><\/a>\u00a0\u00a0 As\u00ed trabajamos y estudiamos en el Conservatorio m\u00e1s importante de Argentina, el Conservatorio Superior de M\u00fasica \u00abManuel de Falla\u00bb.<\/p>\n<p>El abandono por parte del Gobierno de la Ciudad de Buenos Aires es TOTAL.<br \/>\nEl Conservatorio pronto cumplir\u00e1 100 a\u00f1os en la formaci\u00f3n de m\u00fasicos y docentes de m\u00fasica y JAM\u00c1S tuvo Edificio Propio.<\/p>\n<p>En este video se puede apreciar el estado CR\u00cdTICO del edificio PRESTADO de las calles Gallo y Sarmiento donde funciona el Conservatorio<span class=\"text_exposed_show\">\u00a0Manuel de Falla junto con el Conservatorio Astor Pizzolla.<\/span><\/p>\n<p><span class=\"text_exposed_show\">Aulas con paredes de durlock, aulas sin ventanas, sin acustizaci\u00f3n, aulas peque\u00f1as, instalaciones el\u00e9ctricas deficientes, y las \u00abobras\u00bb del tercer piso (que qued\u00f3 inutilizado) hace 3 a\u00f1os deber\u00edan haber estado terminadas.<\/span><\/p>\n<p><span class=\"text_exposed_show\">Pedimos URGENTE que el Jefe de Gobierno de la Ciudad, Sr. Horacio Rodr\u00edguez Larreta, y el Ministro de Cultura, Sr. \u00c1ngel Petitt se hagan cargo de una vez por todas de esta situaci\u00f3n.<\/span><\/p>\n<p><span class=\"text_exposed_show\">\u00bfQu\u00e9 est\u00e1n esperando???? \u00bf\u00bfque se nos caiga el techo encima??<br \/>\nPedimos EDIFICIO PROPIO y en condiciones id\u00f3neas.<br \/>\nSe agradece difusi\u00f3n!!!<\/span><\/p>\n<p><a id=\"LPlnk224971\" class=\"OWAAutoLink\" title=\"Este enlace externo se abrir\u00e1 en una nueva ventana\" href=\"https:\/\/www.youtube.com\/watch?v=8zIfMmhmLJQ\" target=\"_blank\">https:\/\/www.youtube.com\/watch?v=8zIfMmhmLJQ<\/a><\/p>\n","protected":false},"excerpt":{"rendered":"<p>\u00a0\u00a0 As\u00ed trabajamos y estudiamos en el Conservatorio m\u00e1s importante de Argentina, el Conservatorio Superior de M\u00fasica \u00abManuel de Falla\u00bb. El abandono por parte del Gobierno de la Ciudad de Buenos Aires es TOTAL. El Conservatorio pronto cumplir\u00e1 100 a\u00f1os en la formaci\u00f3n de m\u00fasicos y docentes de m\u00fasica y JAM\u00c1S tuvo Edificio Propio. En&hellip;<\/p>\n","protected":false},"author":1,"featured_media":0,"comment_status":"open","ping_status":"open","sticky":false,"template":"","format":"standard","meta":{"footnotes":""},"categories":[6],"tags":[25698,25378,1011],"class_list":["post-66989","post","type-post","status-publish","format-standard","hentry","category-denuncias","tag-conservatorio-astor-piazzolla","tag-conservatorio-superior-de-musica-manuel-falla","tag-gobierno-de-la-ciudad"],"_links":{"self":[{"href":"https:\/\/www.elsindical.com.ar\/notas\/wp-json\/wp\/v2\/posts\/66989","targetHints":{"allow":["GET"]}}],"collection":[{"href":"https:\/\/www.elsindical.com.ar\/notas\/wp-json\/wp\/v2\/posts"}],"about":[{"href":"https:\/\/www.elsindical.com.ar\/notas\/wp-json\/wp\/v2\/types\/post"}],"author":[{"embeddable":true,"href":"https:\/\/www.elsindical.com.ar\/notas\/wp-json\/wp\/v2\/users\/1"}],"replies":[{"embeddable":true,"href":"https:\/\/www.elsindical.com.ar\/notas\/wp-json\/wp\/v2\/comments?post=66989"}],"version-history":[{"count":1,"href":"https:\/\/www.elsindical.com.ar\/notas\/wp-json\/wp\/v2\/posts\/66989\/revisions"}],"predecessor-version":[{"id":66990,"href":"https:\/\/www.elsindical.com.ar\/notas\/wp-json\/wp\/v2\/posts\/66989\/revisions\/66990"}],"wp:attachment":[{"href":"https:\/\/www.elsindical.com.ar\/notas\/wp-json\/wp\/v2\/media?parent=66989"}],"wp:term":[{"taxonomy":"category","embeddable":true,"href":"https:\/\/www.elsindical.com.ar\/notas\/wp-json\/wp\/v2\/categories?post=66989"},{"taxonomy":"post_tag","embeddable":true,"href":"https:\/\/www.elsindical.com.ar\/notas\/wp-json\/wp\/v2\/tags?post=66989"}],"curies":[{"name":"wp","href":"https:\/\/api.w.org\/{rel}","templated":true}]}}