{"id":66976,"date":"2017-04-11T14:46:33","date_gmt":"2017-04-11T17:46:33","guid":{"rendered":"http:\/\/www.elsindical.com.ar\/notas\/?p=66976"},"modified":"2017-04-11T15:28:32","modified_gmt":"2017-04-11T18:28:32","slug":"el-indio-solari-canto-en-el-velatorio-de-micaela-garcia","status":"publish","type":"post","link":"https:\/\/www.elsindical.com.ar\/notas\/el-indio-solari-canto-en-el-velatorio-de-micaela-garcia\/","title":{"rendered":"El Indio Solari cant\u00f3 en el velatorio de Micaela Garc\u00eda"},"content":{"rendered":"<p><em>\u00a0 <a href=\"http:\/\/www.elsindical.com.ar\/notas\/var\/www\/html\/notas\/wp-content\/uploads\/2017\/04\/familia-de-Micaela-y-el-Indio-Solari.jpg\"><img loading=\"lazy\" decoding=\"async\" class=\"alignnone size-medium wp-image-66977\" src=\"http:\/\/www.elsindical.com.ar\/notas\/var\/www\/html\/notas\/wp-content\/uploads\/2017\/04\/familia-de-Micaela-y-el-Indio-Solari-300x168.jpg\" alt=\"\" width=\"300\" height=\"168\" srcset=\"https:\/\/www.elsindical.com.ar\/notas\/var\/www\/html\/notas\/wp-content\/uploads\/2017\/04\/familia-de-Micaela-y-el-Indio-Solari-300x168.jpg 300w, https:\/\/www.elsindical.com.ar\/notas\/var\/www\/html\/notas\/wp-content\/uploads\/2017\/04\/familia-de-Micaela-y-el-Indio-Solari-768x430.jpg 768w, https:\/\/www.elsindical.com.ar\/notas\/var\/www\/html\/notas\/wp-content\/uploads\/2017\/04\/familia-de-Micaela-y-el-Indio-Solari-500x280.jpg 500w, https:\/\/www.elsindical.com.ar\/notas\/var\/www\/html\/notas\/wp-content\/uploads\/2017\/04\/familia-de-Micaela-y-el-Indio-Solari.jpg 854w\" sizes=\"auto, (max-width: 300px) 100vw, 300px\" \/><\/a>El Indio Solari llam\u00f3 a la familia de Micaela Garc\u00eda y luego cant\u00f3 en el velatorio parte de la canci\u00f3n \u00abJuguetes perdidos\u00bb, a trav\u00e9s de los parlantes.<\/em><\/p>\n<p>A un mes del recital que dej\u00f3 dos muertos en Olavarr\u00eda, el Indio reapareci\u00f3 con un gesto hacia la familia de Micaela Garc\u00eda, la joven que fue encontrada asesinada en Gualeguay el s\u00e1bado \u00faltimo, despu\u00e9s de una semana de estar desaparecida.<\/p>\n<p>El cantante llam\u00f3 al padre de Micaela, que era fan\u00e1tica de su m\u00fasica e incluso hab\u00eda asistido al show de Olavarr\u00eda. Y despu\u00e9s de intercambiar unas palabras accedi\u00f3 a salir por los parlantes cantando una estrofa de la canci\u00f3n \u00abJuguetes perdidos\u00bb.<\/p>\n<p>En medio de un profundo dolor, familiares y amigos despiden los restos de Micaela Garc\u00eda en el estadio cerrado del Centro de Educaci\u00f3n F\u00edsica de Concepci\u00f3n del Uruguay.<\/p>\n<p>En ese lugar, los familiares proyectan videos de la joven y se escucha la m\u00fasica que a ella le gustaba. Su familia cont\u00f3 que la idea es \u00abrecordarla con alegr\u00eda\u00bb.<\/p>\n<p>A las 16:00 hs, partir\u00e1 una procesi\u00f3n a pie hasta el cementerio local para la inhumaci\u00f3n de los restos de la joven.<\/p>\n<p>Carla, una de sus amigas, manifest\u00f3: \u00abEstaremos todos acompa\u00f1\u00e1ndola, despidi\u00e9ndola. Creemos que es la forma que a ella le hubiera gustado, era pura alegr\u00eda, esa sonrisa que se ve en las fotos la ten\u00eda siempre y queremos despedirla as\u00ed, que no sea algo triste sino que m\u00e1s all\u00e1 del dolor que nosotros tenemos sea una despedida como se merec\u00eda y como la caracteriza\u00bb.<\/p>\n<p>\u00abLa idea surgi\u00f3 en parte de su pap\u00e1 y su mam\u00e1 y nosotros celebramos que hayan decidido que el velatorio sea p\u00fablico, si bien la primera parte es para familiares y amigos. Eso era Mica, ella era del pueblo y lo sigue siendo. Hay mucha gente que la quiere, van a llegar compa\u00f1eros de toda la provincia y de diferentes lugares del pa\u00eds\u00bb, agreg\u00f3.<\/p>\n<p><iframe loading=\"lazy\" id=\"audio_18090737\" style=\"border: 1px solid #EEE; box-sizing: border-box; width: 320%;\" src=\"https:\/\/ar.ivoox.com\/es\/player_ej_18090737_4_1.html?c1=ff6600\" width=\"480\" height=\"200\" frameborder=\"0\" scrolling=\"no\" allowfullscreen=\"allowfullscreen\"><\/iframe><\/p>\n","protected":false},"excerpt":{"rendered":"<p>\u00a0 El Indio Solari llam\u00f3 a la familia de Micaela Garc\u00eda y luego cant\u00f3 en el velatorio parte de la canci\u00f3n \u00abJuguetes perdidos\u00bb, a trav\u00e9s de los parlantes. A un mes del recital que dej\u00f3 dos muertos en Olavarr\u00eda, el Indio reapareci\u00f3 con un gesto hacia la familia de Micaela Garc\u00eda, la joven que fue&hellip;<\/p>\n","protected":false},"author":1,"featured_media":0,"comment_status":"open","ping_status":"open","sticky":false,"template":"","format":"standard","meta":{"footnotes":""},"categories":[25],"tags":[25697,8086,25673],"class_list":["post-66976","post","type-post","status-publish","format-standard","hentry","category-sociedad","tag-concepcion-del-uruguay","tag-indio-solari","tag-micaela-garcia"],"_links":{"self":[{"href":"https:\/\/www.elsindical.com.ar\/notas\/wp-json\/wp\/v2\/posts\/66976","targetHints":{"allow":["GET"]}}],"collection":[{"href":"https:\/\/www.elsindical.com.ar\/notas\/wp-json\/wp\/v2\/posts"}],"about":[{"href":"https:\/\/www.elsindical.com.ar\/notas\/wp-json\/wp\/v2\/types\/post"}],"author":[{"embeddable":true,"href":"https:\/\/www.elsindical.com.ar\/notas\/wp-json\/wp\/v2\/users\/1"}],"replies":[{"embeddable":true,"href":"https:\/\/www.elsindical.com.ar\/notas\/wp-json\/wp\/v2\/comments?post=66976"}],"version-history":[{"count":3,"href":"https:\/\/www.elsindical.com.ar\/notas\/wp-json\/wp\/v2\/posts\/66976\/revisions"}],"predecessor-version":[{"id":66980,"href":"https:\/\/www.elsindical.com.ar\/notas\/wp-json\/wp\/v2\/posts\/66976\/revisions\/66980"}],"wp:attachment":[{"href":"https:\/\/www.elsindical.com.ar\/notas\/wp-json\/wp\/v2\/media?parent=66976"}],"wp:term":[{"taxonomy":"category","embeddable":true,"href":"https:\/\/www.elsindical.com.ar\/notas\/wp-json\/wp\/v2\/categories?post=66976"},{"taxonomy":"post_tag","embeddable":true,"href":"https:\/\/www.elsindical.com.ar\/notas\/wp-json\/wp\/v2\/tags?post=66976"}],"curies":[{"name":"wp","href":"https:\/\/api.w.org\/{rel}","templated":true}]}}