{"id":66885,"date":"2017-04-08T23:32:00","date_gmt":"2017-04-09T02:32:00","guid":{"rendered":"http:\/\/www.elsindical.com.ar\/notas\/?p=66885"},"modified":"2017-04-09T11:30:02","modified_gmt":"2017-04-09T14:30:02","slug":"maia-lorena-ferrua-genero-repudio-masivo-por-su-burla-al-asesinato-de-micaela","status":"publish","type":"post","link":"https:\/\/www.elsindical.com.ar\/notas\/maia-lorena-ferrua-genero-repudio-masivo-por-su-burla-al-asesinato-de-micaela\/","title":{"rendered":"Maia Lorena Ferrua gener\u00f3 repudio masivo por su burla al asesinato de Micaela"},"content":{"rendered":"<p><em>\u00a0 <a href=\"http:\/\/www.elsindical.com.ar\/notas\/var\/www\/html\/notas\/wp-content\/uploads\/2017\/04\/repudio-funcionaria-PRO.jpg\"><img loading=\"lazy\" decoding=\"async\" class=\"alignnone size-medium wp-image-66892\" src=\"http:\/\/www.elsindical.com.ar\/notas\/var\/www\/html\/notas\/wp-content\/uploads\/2017\/04\/repudio-funcionaria-PRO-300x288.jpg\" alt=\"\" width=\"300\" height=\"288\" srcset=\"https:\/\/www.elsindical.com.ar\/notas\/var\/www\/html\/notas\/wp-content\/uploads\/2017\/04\/repudio-funcionaria-PRO-300x288.jpg 300w, https:\/\/www.elsindical.com.ar\/notas\/var\/www\/html\/notas\/wp-content\/uploads\/2017\/04\/repudio-funcionaria-PRO-313x300.jpg 313w, https:\/\/www.elsindical.com.ar\/notas\/var\/www\/html\/notas\/wp-content\/uploads\/2017\/04\/repudio-funcionaria-PRO.jpg 720w\" sizes=\"auto, (max-width: 300px) 100vw, 300px\" \/><\/a>La funcionaria del PRO, Maia Lorena Ferrua, sorprendi\u00f3 a todos cuando en las redes sociales que administra tuvo la est\u00fapida idea de hacer comentarios en tono de burla sobre el asesinato de la joven Micaela Garc\u00eda, el mismo d\u00eda en que se descubri\u00f3 su cad\u00e1ver y todos repudiaban la decisi\u00f3n del Juez de ejecuci\u00f3n Rossi de liberarlo antes de cumplir su pena.<\/em><\/p>\n<p>Mientras en varias ciudades del pa\u00eds se realizaron marchas para pedir justicia por el asesinado de Micaela Garc\u00eda, la joven de 21 a\u00f1os encontrada hoy en las afueras de la ciudad entrerriana de Gualeguay, hubo quienes desde las redes sociales le agregaron un tinte pol\u00edtico al crimen, reinterpretando su muerte en funci\u00f3n de su militancia en el Movimiento Evita. Entre ellos, una empleada del Ministerio de Modernizaci\u00f3n de la Naci\u00f3n.<\/p>\n<p><em><strong>\u00abAhora van a decir que a Micaela Garc\u00eda la mand\u00f3 a asesinar Macri porque era del Movimiento Evita jajaja&#8230;\u00bb, ironiz\u00f3 en su perfil de Facebook Maia Ferrua, empleada estatal desde 2014, y hoy integrante de la cartera a cargo de Andr\u00e9s Ibarra. \u00abParece que a todos les llega por juntarse con ese tipo de gente hay que tener mucho cuidado con las amistades que se hacen en este tipo de&#8230; agrupaciones? si se le puede llamar as\u00ed a esa manga de mafiosos y patoteros ignorantes (sic)\u00bb<\/strong><\/em>, sigui\u00f3 la joven, lo que le vali\u00f3 un fuerte repudio en Facebook y Twitter.<\/p>\n<p>Ferrua es abogada y analista en estudios t\u00e9cnicos y de gesti\u00f3n de contrataciones del Ministerio. Abogada recibida en la Universidad de Mor\u00f3n, trabaj\u00f3 desde agosto de 2014 a julio de 2015 en la en la Jefatura de Gabinete de Ministros. Desde abril de 2016, integra la n\u00f3mina de empleados del Ministerio de Modernizaci\u00f3n. Fuentes de ese \u00e1rea confirmaron a los medios de prensa que Ferrua trabaja todav\u00eda en el lugar y rechazaron sus declaraciones. \u00abEs una locura total lo que dijo\u00bb, consideraron en di\u00e1logo con este portal. Seg\u00fan explicaron, Ferrua ser\u00eda uno de los tantos empleados que \u00abtuvieron movilidad\u00bb con los cambios entre las gestiones del Frente para la Victoria y Cambiemos.<\/p>\n<p>\u00abSi das amor eres amor, si das maldad eres maldad. La vida es una sola, no la desperdicies\u00bb, reza en sus perfiles digitales, donde asegura interesarse en cuestiones medioambientales, la protecci\u00f3n animal y de Derechos Humanos. Alertada por el creciente escrache, borr\u00f3 su perfil de Linkedin e increment\u00f3 la privacidad de sus otras cuentas.<\/p>\n<p>Seg\u00fan consta en los registros del CPACF, FERRUA MAIA LORENA, se encuentra matriculada desde el 14\/09\/2011, posee Tomo 111 y Folio 590, correo electr\u00f3nico maiaferrua@hotmail.com y es de esperar que las autoridades del colegio tomen alguna medida disciplinaria con un profesional que adopta una medida tan reprochable tanto desde lo \u00e9tico como desde lo moral.<\/p>\n<p><a href=\"http:\/\/www.elsindical.com.ar\/notas\/var\/www\/html\/notas\/wp-content\/uploads\/2017\/04\/Maia-Ferrua-01-1.jpg\"><img loading=\"lazy\" decoding=\"async\" class=\"alignnone size-medium wp-image-66891\" src=\"http:\/\/www.elsindical.com.ar\/notas\/var\/www\/html\/notas\/wp-content\/uploads\/2017\/04\/Maia-Ferrua-01-1-300x225.jpg\" alt=\"\" width=\"300\" height=\"225\" srcset=\"https:\/\/www.elsindical.com.ar\/notas\/var\/www\/html\/notas\/wp-content\/uploads\/2017\/04\/Maia-Ferrua-01-1-300x225.jpg 300w, https:\/\/www.elsindical.com.ar\/notas\/var\/www\/html\/notas\/wp-content\/uploads\/2017\/04\/Maia-Ferrua-01-1-400x300.jpg 400w, https:\/\/www.elsindical.com.ar\/notas\/var\/www\/html\/notas\/wp-content\/uploads\/2017\/04\/Maia-Ferrua-01-1.jpg 480w\" sizes=\"auto, (max-width: 300px) 100vw, 300px\" \/><\/a> <a href=\"http:\/\/www.elsindical.com.ar\/notas\/var\/www\/html\/notas\/wp-content\/uploads\/2017\/04\/Maia-Ferrua-02.jpg\"><img loading=\"lazy\" decoding=\"async\" class=\"alignnone size-medium wp-image-66890\" src=\"http:\/\/www.elsindical.com.ar\/notas\/var\/www\/html\/notas\/wp-content\/uploads\/2017\/04\/Maia-Ferrua-02-300x206.jpg\" alt=\"\" width=\"300\" height=\"206\" srcset=\"https:\/\/www.elsindical.com.ar\/notas\/var\/www\/html\/notas\/wp-content\/uploads\/2017\/04\/Maia-Ferrua-02-300x206.jpg 300w, https:\/\/www.elsindical.com.ar\/notas\/var\/www\/html\/notas\/wp-content\/uploads\/2017\/04\/Maia-Ferrua-02-437x300.jpg 437w, https:\/\/www.elsindical.com.ar\/notas\/var\/www\/html\/notas\/wp-content\/uploads\/2017\/04\/Maia-Ferrua-02.jpg 728w\" sizes=\"auto, (max-width: 300px) 100vw, 300px\" \/><\/a> <a href=\"http:\/\/www.elsindical.com.ar\/notas\/var\/www\/html\/notas\/wp-content\/uploads\/2017\/04\/Maia-Ferrua-03.jpg\"><img loading=\"lazy\" decoding=\"async\" class=\"alignnone size-medium wp-image-66889\" src=\"http:\/\/www.elsindical.com.ar\/notas\/var\/www\/html\/notas\/wp-content\/uploads\/2017\/04\/Maia-Ferrua-03-134x300.jpg\" alt=\"\" width=\"134\" height=\"300\" srcset=\"https:\/\/www.elsindical.com.ar\/notas\/var\/www\/html\/notas\/wp-content\/uploads\/2017\/04\/Maia-Ferrua-03-134x300.jpg 134w, https:\/\/www.elsindical.com.ar\/notas\/var\/www\/html\/notas\/wp-content\/uploads\/2017\/04\/Maia-Ferrua-03-458x1024.jpg 458w, https:\/\/www.elsindical.com.ar\/notas\/var\/www\/html\/notas\/wp-content\/uploads\/2017\/04\/Maia-Ferrua-03.jpg 514w\" sizes=\"auto, (max-width: 134px) 100vw, 134px\" \/><\/a> <a href=\"http:\/\/www.elsindical.com.ar\/notas\/var\/www\/html\/notas\/wp-content\/uploads\/2017\/04\/Maia-Ferrua-04.jpg\"><img loading=\"lazy\" decoding=\"async\" class=\"alignnone size-medium wp-image-66888\" src=\"http:\/\/www.elsindical.com.ar\/notas\/var\/www\/html\/notas\/wp-content\/uploads\/2017\/04\/Maia-Ferrua-04-300x206.jpg\" alt=\"\" width=\"300\" height=\"206\" srcset=\"https:\/\/www.elsindical.com.ar\/notas\/var\/www\/html\/notas\/wp-content\/uploads\/2017\/04\/Maia-Ferrua-04-300x206.jpg 300w, https:\/\/www.elsindical.com.ar\/notas\/var\/www\/html\/notas\/wp-content\/uploads\/2017\/04\/Maia-Ferrua-04-437x300.jpg 437w, https:\/\/www.elsindical.com.ar\/notas\/var\/www\/html\/notas\/wp-content\/uploads\/2017\/04\/Maia-Ferrua-04.jpg 728w\" sizes=\"auto, (max-width: 300px) 100vw, 300px\" \/><\/a> <a href=\"http:\/\/www.elsindical.com.ar\/notas\/var\/www\/html\/notas\/wp-content\/uploads\/2017\/04\/Maia-Ferrua.jpg\"><img loading=\"lazy\" decoding=\"async\" class=\"alignnone size-medium wp-image-66887\" src=\"http:\/\/www.elsindical.com.ar\/notas\/var\/www\/html\/notas\/wp-content\/uploads\/2017\/04\/Maia-Ferrua-235x300.jpg\" alt=\"\" width=\"235\" height=\"300\" srcset=\"https:\/\/www.elsindical.com.ar\/notas\/var\/www\/html\/notas\/wp-content\/uploads\/2017\/04\/Maia-Ferrua-235x300.jpg 235w, https:\/\/www.elsindical.com.ar\/notas\/var\/www\/html\/notas\/wp-content\/uploads\/2017\/04\/Maia-Ferrua.jpg 738w\" sizes=\"auto, (max-width: 235px) 100vw, 235px\" \/><\/a> <a href=\"http:\/\/www.elsindical.com.ar\/notas\/var\/www\/html\/notas\/wp-content\/uploads\/2017\/04\/Maia-Ferrua-01.jpg\"><img loading=\"lazy\" decoding=\"async\" class=\"alignnone size-medium wp-image-66886\" src=\"http:\/\/www.elsindical.com.ar\/notas\/var\/www\/html\/notas\/wp-content\/uploads\/2017\/04\/Maia-Ferrua-01-300x222.jpg\" alt=\"\" width=\"300\" height=\"222\" srcset=\"https:\/\/www.elsindical.com.ar\/notas\/var\/www\/html\/notas\/wp-content\/uploads\/2017\/04\/Maia-Ferrua-01-300x222.jpg 300w, https:\/\/www.elsindical.com.ar\/notas\/var\/www\/html\/notas\/wp-content\/uploads\/2017\/04\/Maia-Ferrua-01-405x300.jpg 405w, https:\/\/www.elsindical.com.ar\/notas\/var\/www\/html\/notas\/wp-content\/uploads\/2017\/04\/Maia-Ferrua-01.jpg 738w\" sizes=\"auto, (max-width: 300px) 100vw, 300px\" \/><\/a><\/p>\n<p>&nbsp;<\/p>\n<p><strong>Por Marcelo Ricardo Hawrylciw<\/strong><\/p>\n<p>&nbsp;<\/p>\n<p>Nota: Toda la informaci\u00f3n mencionada en esta nota es de libre acceso, las fuentes son distintas agencias de noticias, busquen ustedes no tengo obligaci\u00f3n ninguna de mencionar y detallar las fuentes, parece que los \u00abempleados\u00bb que monitorean las redes y los sitios no tienen nada mejor que hacer que molestar, \u00bfcu\u00e1ndo se termin\u00f3 la libertad de prensa?<\/p>\n","protected":false},"excerpt":{"rendered":"<p>\u00a0 La funcionaria del PRO, Maia Lorena Ferrua, sorprendi\u00f3 a todos cuando en las redes sociales que administra tuvo la est\u00fapida idea de hacer comentarios en tono de burla sobre el asesinato de la joven Micaela Garc\u00eda, el mismo d\u00eda en que se descubri\u00f3 su cad\u00e1ver y todos repudiaban la decisi\u00f3n del Juez de ejecuci\u00f3n&hellip;<\/p>\n","protected":false},"author":1,"featured_media":0,"comment_status":"open","ping_status":"open","sticky":false,"template":"","format":"standard","meta":{"footnotes":""},"categories":[10],"tags":[251,23021,363,11084,219,13440,25677,25673,18281,328,18178],"class_list":["post-66885","post","type-post","status-publish","format-standard","hentry","category-editorial","tag-abogada","tag-andres-ibarra","tag-asesinato","tag-cpacf","tag-facebook","tag-gualeguaychu","tag-maia-lorena-ferrua","tag-micaela-garcia","tag-movimiento-evita","tag-pro","tag-rossi"],"_links":{"self":[{"href":"https:\/\/www.elsindical.com.ar\/notas\/wp-json\/wp\/v2\/posts\/66885","targetHints":{"allow":["GET"]}}],"collection":[{"href":"https:\/\/www.elsindical.com.ar\/notas\/wp-json\/wp\/v2\/posts"}],"about":[{"href":"https:\/\/www.elsindical.com.ar\/notas\/wp-json\/wp\/v2\/types\/post"}],"author":[{"embeddable":true,"href":"https:\/\/www.elsindical.com.ar\/notas\/wp-json\/wp\/v2\/users\/1"}],"replies":[{"embeddable":true,"href":"https:\/\/www.elsindical.com.ar\/notas\/wp-json\/wp\/v2\/comments?post=66885"}],"version-history":[{"count":3,"href":"https:\/\/www.elsindical.com.ar\/notas\/wp-json\/wp\/v2\/posts\/66885\/revisions"}],"predecessor-version":[{"id":66900,"href":"https:\/\/www.elsindical.com.ar\/notas\/wp-json\/wp\/v2\/posts\/66885\/revisions\/66900"}],"wp:attachment":[{"href":"https:\/\/www.elsindical.com.ar\/notas\/wp-json\/wp\/v2\/media?parent=66885"}],"wp:term":[{"taxonomy":"category","embeddable":true,"href":"https:\/\/www.elsindical.com.ar\/notas\/wp-json\/wp\/v2\/categories?post=66885"},{"taxonomy":"post_tag","embeddable":true,"href":"https:\/\/www.elsindical.com.ar\/notas\/wp-json\/wp\/v2\/tags?post=66885"}],"curies":[{"name":"wp","href":"https:\/\/api.w.org\/{rel}","templated":true}]}}