{"id":66881,"date":"2017-04-08T13:53:45","date_gmt":"2017-04-08T16:53:45","guid":{"rendered":"http:\/\/www.elsindical.com.ar\/notas\/?p=66881"},"modified":"2017-04-08T13:53:45","modified_gmt":"2017-04-08T16:53:45","slug":"avellaneda-protesta-de-empleados-de-geriatrico-en-crucecita","status":"publish","type":"post","link":"https:\/\/www.elsindical.com.ar\/notas\/avellaneda-protesta-de-empleados-de-geriatrico-en-crucecita\/","title":{"rendered":"Avellaneda: Protesta de empleados de geri\u00e1trico en Crucecita"},"content":{"rendered":"<p><a href=\"http:\/\/www.elsindical.com.ar\/notas\/var\/www\/html\/notas\/wp-content\/uploads\/2017\/04\/geri\u00e1trico-Paso-al-100-Avellaneda.jpg\"><img loading=\"lazy\" decoding=\"async\" class=\"alignnone size-medium wp-image-66882\" src=\"http:\/\/www.elsindical.com.ar\/notas\/var\/www\/html\/notas\/wp-content\/uploads\/2017\/04\/geri\u00e1trico-Paso-al-100-Avellaneda-300x188.jpg\" alt=\"\" width=\"300\" height=\"188\" srcset=\"https:\/\/www.elsindical.com.ar\/notas\/var\/www\/html\/notas\/wp-content\/uploads\/2017\/04\/geri\u00e1trico-Paso-al-100-Avellaneda-300x188.jpg 300w, https:\/\/www.elsindical.com.ar\/notas\/var\/www\/html\/notas\/wp-content\/uploads\/2017\/04\/geri\u00e1trico-Paso-al-100-Avellaneda-479x300.jpg 479w, https:\/\/www.elsindical.com.ar\/notas\/var\/www\/html\/notas\/wp-content\/uploads\/2017\/04\/geri\u00e1trico-Paso-al-100-Avellaneda.jpg 738w\" sizes=\"auto, (max-width: 300px) 100vw, 300px\" \/><\/a> Un grupo de alrededor 30 personas protestaron en la calle Pasco 110 de Avellaneda, donde funciona una residencia geri\u00e1trica para adultos, los motivos ser\u00edan por las condiciones irregulares de contrataci\u00f3n de los empleados y despidos.<\/p>\n","protected":false},"excerpt":{"rendered":"<p>Un grupo de alrededor 30 personas protestaron en la calle Pasco 110 de Avellaneda, donde funciona una residencia geri\u00e1trica para adultos, los motivos ser\u00edan por las condiciones irregulares de contrataci\u00f3n de los empleados y despidos.<\/p>\n","protected":false},"author":1,"featured_media":0,"comment_status":"open","ping_status":"open","sticky":false,"template":"","format":"standard","meta":{"footnotes":""},"categories":[16],"tags":[461,19861,4699,292],"class_list":["post-66881","post","type-post","status-publish","format-standard","hentry","category-gremiales","tag-avellaneda","tag-crucesita","tag-geriatrico","tag-protesta"],"_links":{"self":[{"href":"https:\/\/www.elsindical.com.ar\/notas\/wp-json\/wp\/v2\/posts\/66881","targetHints":{"allow":["GET"]}}],"collection":[{"href":"https:\/\/www.elsindical.com.ar\/notas\/wp-json\/wp\/v2\/posts"}],"about":[{"href":"https:\/\/www.elsindical.com.ar\/notas\/wp-json\/wp\/v2\/types\/post"}],"author":[{"embeddable":true,"href":"https:\/\/www.elsindical.com.ar\/notas\/wp-json\/wp\/v2\/users\/1"}],"replies":[{"embeddable":true,"href":"https:\/\/www.elsindical.com.ar\/notas\/wp-json\/wp\/v2\/comments?post=66881"}],"version-history":[{"count":1,"href":"https:\/\/www.elsindical.com.ar\/notas\/wp-json\/wp\/v2\/posts\/66881\/revisions"}],"predecessor-version":[{"id":66883,"href":"https:\/\/www.elsindical.com.ar\/notas\/wp-json\/wp\/v2\/posts\/66881\/revisions\/66883"}],"wp:attachment":[{"href":"https:\/\/www.elsindical.com.ar\/notas\/wp-json\/wp\/v2\/media?parent=66881"}],"wp:term":[{"taxonomy":"category","embeddable":true,"href":"https:\/\/www.elsindical.com.ar\/notas\/wp-json\/wp\/v2\/categories?post=66881"},{"taxonomy":"post_tag","embeddable":true,"href":"https:\/\/www.elsindical.com.ar\/notas\/wp-json\/wp\/v2\/tags?post=66881"}],"curies":[{"name":"wp","href":"https:\/\/api.w.org\/{rel}","templated":true}]}}