{"id":66877,"date":"2017-04-08T11:24:20","date_gmt":"2017-04-08T14:24:20","guid":{"rendered":"http:\/\/www.elsindical.com.ar\/notas\/?p=66877"},"modified":"2017-04-08T11:24:20","modified_gmt":"2017-04-08T14:24:20","slug":"entre-rios-encontraron-el-cuerpo-de-micaela-garcia-la-joven-desaparecida-en-gualeguay","status":"publish","type":"post","link":"https:\/\/www.elsindical.com.ar\/notas\/entre-rios-encontraron-el-cuerpo-de-micaela-garcia-la-joven-desaparecida-en-gualeguay\/","title":{"rendered":"Entre R\u00edos: Encontraron el cuerpo de Micaela Garc\u00eda, la joven desaparecida en Gualeguay"},"content":{"rendered":"<p><em>\u00a0\u00a0<a href=\"http:\/\/www.elsindical.com.ar\/notas\/var\/www\/html\/notas\/wp-content\/uploads\/2017\/04\/Micaela-Garc\u00eda-2.jpg\"><img loading=\"lazy\" decoding=\"async\" class=\"alignnone size-medium wp-image-66878\" src=\"http:\/\/www.elsindical.com.ar\/notas\/var\/www\/html\/notas\/wp-content\/uploads\/2017\/04\/Micaela-Garc\u00eda-2-300x201.jpg\" alt=\"\" width=\"300\" height=\"201\" srcset=\"https:\/\/www.elsindical.com.ar\/notas\/var\/www\/html\/notas\/wp-content\/uploads\/2017\/04\/Micaela-Garc\u00eda-2-300x201.jpg 300w, https:\/\/www.elsindical.com.ar\/notas\/var\/www\/html\/notas\/wp-content\/uploads\/2017\/04\/Micaela-Garc\u00eda-2-447x300.jpg 447w, https:\/\/www.elsindical.com.ar\/notas\/var\/www\/html\/notas\/wp-content\/uploads\/2017\/04\/Micaela-Garc\u00eda-2.jpg 531w\" sizes=\"auto, (max-width: 300px) 100vw, 300px\" \/><\/a> El cad\u00e1ver fue hallado en una descampado ubicado a unos 2 kil\u00f3metros de la Ruta 12. Sebasti\u00e1n Wagner, el principal sospechoso, brind\u00f3 detalles del lugar.<\/em><\/p>\n<p>Tras permanecer una semana desaparecida, finalmente el cuerpo de la joven Micaela Garc\u00eda fue encontrado en la localidad entrerriana de Gualeguay. El cad\u00e1ver fue hallado en un descampado y seg\u00fan trascendi\u00f3, los datos del lugar fueron brindados por Sebasti\u00e1n Wagner, el principal acusado del crimen, luego de declarar ante la Justicia.<\/p>\n","protected":false},"excerpt":{"rendered":"<p>\u00a0\u00a0 El cad\u00e1ver fue hallado en una descampado ubicado a unos 2 kil\u00f3metros de la Ruta 12. Sebasti\u00e1n Wagner, el principal sospechoso, brind\u00f3 detalles del lugar. Tras permanecer una semana desaparecida, finalmente el cuerpo de la joven Micaela Garc\u00eda fue encontrado en la localidad entrerriana de Gualeguay. El cad\u00e1ver fue hallado en un descampado y&hellip;<\/p>\n","protected":false},"author":1,"featured_media":0,"comment_status":"open","ping_status":"open","sticky":false,"template":"","format":"standard","meta":{"footnotes":""},"categories":[22],"tags":[1386,13440,25676,25674],"class_list":["post-66877","post","type-post","status-publish","format-standard","hentry","category-policiales","tag-entre-rios","tag-gualeguaychu","tag-miacela-garcia","tag-sebastian-wagner"],"_links":{"self":[{"href":"https:\/\/www.elsindical.com.ar\/notas\/wp-json\/wp\/v2\/posts\/66877","targetHints":{"allow":["GET"]}}],"collection":[{"href":"https:\/\/www.elsindical.com.ar\/notas\/wp-json\/wp\/v2\/posts"}],"about":[{"href":"https:\/\/www.elsindical.com.ar\/notas\/wp-json\/wp\/v2\/types\/post"}],"author":[{"embeddable":true,"href":"https:\/\/www.elsindical.com.ar\/notas\/wp-json\/wp\/v2\/users\/1"}],"replies":[{"embeddable":true,"href":"https:\/\/www.elsindical.com.ar\/notas\/wp-json\/wp\/v2\/comments?post=66877"}],"version-history":[{"count":1,"href":"https:\/\/www.elsindical.com.ar\/notas\/wp-json\/wp\/v2\/posts\/66877\/revisions"}],"predecessor-version":[{"id":66879,"href":"https:\/\/www.elsindical.com.ar\/notas\/wp-json\/wp\/v2\/posts\/66877\/revisions\/66879"}],"wp:attachment":[{"href":"https:\/\/www.elsindical.com.ar\/notas\/wp-json\/wp\/v2\/media?parent=66877"}],"wp:term":[{"taxonomy":"category","embeddable":true,"href":"https:\/\/www.elsindical.com.ar\/notas\/wp-json\/wp\/v2\/categories?post=66877"},{"taxonomy":"post_tag","embeddable":true,"href":"https:\/\/www.elsindical.com.ar\/notas\/wp-json\/wp\/v2\/tags?post=66877"}],"curies":[{"name":"wp","href":"https:\/\/api.w.org\/{rel}","templated":true}]}}