{"id":66839,"date":"2017-04-06T00:23:33","date_gmt":"2017-04-06T03:23:33","guid":{"rendered":"http:\/\/www.elsindical.com.ar\/notas\/?p=66839"},"modified":"2017-04-06T00:23:33","modified_gmt":"2017-04-06T03:23:33","slug":"escandalo-detuvieron-a-comisario-inspector-por-coimas","status":"publish","type":"post","link":"https:\/\/www.elsindical.com.ar\/notas\/escandalo-detuvieron-a-comisario-inspector-por-coimas\/","title":{"rendered":"Esc\u00e1ndalo, detuvieron a Comisario Inspector por coimas"},"content":{"rendered":"<p><em>\u00a0\u00a0 <a href=\"http:\/\/www.elsindical.com.ar\/notas\/var\/www\/html\/notas\/wp-content\/uploads\/2017\/04\/Comisario-Inspector-Susana-Aveni.jpg\"><img loading=\"lazy\" decoding=\"async\" class=\"alignnone size-medium wp-image-66840\" src=\"http:\/\/www.elsindical.com.ar\/notas\/var\/www\/html\/notas\/wp-content\/uploads\/2017\/04\/Comisario-Inspector-Susana-Aveni-300x168.jpg\" alt=\"\" width=\"300\" height=\"168\" srcset=\"https:\/\/www.elsindical.com.ar\/notas\/var\/www\/html\/notas\/wp-content\/uploads\/2017\/04\/Comisario-Inspector-Susana-Aveni-300x168.jpg 300w, https:\/\/www.elsindical.com.ar\/notas\/var\/www\/html\/notas\/wp-content\/uploads\/2017\/04\/Comisario-Inspector-Susana-Aveni-500x279.jpg 500w, https:\/\/www.elsindical.com.ar\/notas\/var\/www\/html\/notas\/wp-content\/uploads\/2017\/04\/Comisario-Inspector-Susana-Aveni.jpg 678w\" sizes=\"auto, (max-width: 300px) 100vw, 300px\" \/><\/a>Susana Aveni, ex jefa de la Circunscripci\u00f3n VII que integra entre otras comisar\u00edas, la 35 en donde se inici\u00f3 una causa por coimas a comerciantes y trapitos y donde ya hay varios polic\u00edas imputados. Actualmente se desempe\u00f1aba en el \u00e1rea de Narcocriminalidad.<\/em><\/p>\n<p>En las \u00faltimas horas fue detenida la Comisario Inspector Susana Aveni, ex ser jefa de Circunscripci\u00f3n VII que integra, entre otras comisar\u00edas, la 35 de N\u00fa\u00f1ez. La mujer fue detenida este mi\u00e9rcoles por la ma\u00f1ana en su domicilio de Balvanera.<\/p>\n<p>Se trata de una integrante de la fuerza de la Polic\u00eda de la Ciudad que actualmente se desempe\u00f1a en el \u00e1rea de Narcocriminalidad y el a\u00f1o pasado era jefa de una de las circunscripciones de la Direcci\u00f3n General de Comisar\u00edas.<\/p>\n<p>La mujer fue detenida en el marco de la causa en la que se investiga el presunto pedido de coimas a comerciantes y a cuidacoches, por parte de ex integrantes de la seccional 35 en el barrio porte\u00f1o de N\u00fa\u00f1ez. El Comisario de esa dependencia, Norberto Villareal se encuentra pr\u00f3fugo<\/p>\n<p>En el marco de esa causa, que investiga el fiscal Jos\u00e9 Mar\u00eda Campagnoli, la semana pasada fueron detenidos dos subcomisarios de la Polic\u00eda Federal que tambi\u00e9n formaban parte de la comisar\u00eda 35. Adem\u00e1s, hay otros cuatro polic\u00edas procesador por asociaci\u00f3n il\u00edcita. La investigaci\u00f3n est\u00e1 en manos de Gendarmer\u00eda Nacional.<\/p>\n<p>Para el juez Far\u00edas, todos los polic\u00edas \u201corganizaron una asociaci\u00f3n que funcionaba paralelamente a la estructura de la seccional 35, con jurisdicci\u00f3n en los barrios de N\u00fa\u00f1ez y Saavedra, para llevar adelante una pluralidad de planes delictivos con el objeto de percibir dinero indebidamente\u201d.<\/p>\n<p>\u201cEl Comisario Villarreal, de momento pr\u00f3fugo, habr\u00eda tenido un rol protag\u00f3nico en esta organizaci\u00f3n il\u00edcita, pues ejerc\u00eda el mando sobre los restantes miembros de la asociaci\u00f3n, de quienes recib\u00eda obediencia\u201d, sostuvo el juez en una resoluci\u00f3n.<\/p>\n","protected":false},"excerpt":{"rendered":"<p>\u00a0\u00a0 Susana Aveni, ex jefa de la Circunscripci\u00f3n VII que integra entre otras comisar\u00edas, la 35 en donde se inici\u00f3 una causa por coimas a comerciantes y trapitos y donde ya hay varios polic\u00edas imputados. Actualmente se desempe\u00f1aba en el \u00e1rea de Narcocriminalidad. En las \u00faltimas horas fue detenida la Comisario Inspector Susana Aveni, ex&hellip;<\/p>\n","protected":false},"author":1,"featured_media":0,"comment_status":"open","ping_status":"open","sticky":false,"template":"","format":"standard","meta":{"footnotes":""},"categories":[22],"tags":[25663,25664,13829],"class_list":["post-66839","post","type-post","status-publish","format-standard","hentry","category-policiales","tag-comisario-inspector-susana-aveni","tag-comisario-norberto-villareal","tag-fiscal-jose-maria-campagnoli"],"_links":{"self":[{"href":"https:\/\/www.elsindical.com.ar\/notas\/wp-json\/wp\/v2\/posts\/66839","targetHints":{"allow":["GET"]}}],"collection":[{"href":"https:\/\/www.elsindical.com.ar\/notas\/wp-json\/wp\/v2\/posts"}],"about":[{"href":"https:\/\/www.elsindical.com.ar\/notas\/wp-json\/wp\/v2\/types\/post"}],"author":[{"embeddable":true,"href":"https:\/\/www.elsindical.com.ar\/notas\/wp-json\/wp\/v2\/users\/1"}],"replies":[{"embeddable":true,"href":"https:\/\/www.elsindical.com.ar\/notas\/wp-json\/wp\/v2\/comments?post=66839"}],"version-history":[{"count":1,"href":"https:\/\/www.elsindical.com.ar\/notas\/wp-json\/wp\/v2\/posts\/66839\/revisions"}],"predecessor-version":[{"id":66841,"href":"https:\/\/www.elsindical.com.ar\/notas\/wp-json\/wp\/v2\/posts\/66839\/revisions\/66841"}],"wp:attachment":[{"href":"https:\/\/www.elsindical.com.ar\/notas\/wp-json\/wp\/v2\/media?parent=66839"}],"wp:term":[{"taxonomy":"category","embeddable":true,"href":"https:\/\/www.elsindical.com.ar\/notas\/wp-json\/wp\/v2\/categories?post=66839"},{"taxonomy":"post_tag","embeddable":true,"href":"https:\/\/www.elsindical.com.ar\/notas\/wp-json\/wp\/v2\/tags?post=66839"}],"curies":[{"name":"wp","href":"https:\/\/api.w.org\/{rel}","templated":true}]}}