{"id":6683,"date":"2010-05-19T18:47:59","date_gmt":"2010-05-19T21:47:59","guid":{"rendered":"http:\/\/www.elsindical.com.ar\/notas\/?p=6683"},"modified":"2010-05-19T18:47:59","modified_gmt":"2010-05-19T21:47:59","slug":"oyarbide-pidio-informes-sobre-los-telefonos-de-macri","status":"publish","type":"post","link":"https:\/\/www.elsindical.com.ar\/notas\/oyarbide-pidio-informes-sobre-los-telefonos-de-macri\/","title":{"rendered":"Oyarbide pidi\u00f3 informes sobre los tel\u00e9fonos de Macri"},"content":{"rendered":"<p id=\"copeteNota\" style=\"text-align: justify;\"><em><a href=\"http:\/\/www.elsindical.com.ar\/notas\/var\/www\/html\/notas\/wp-content\/uploads\/2010\/05\/Norberto-Oyarbide-puerta-de.jpg\"><img loading=\"lazy\" decoding=\"async\" class=\"alignleft size-full wp-image-6684\" title=\"Norberto-Oyarbide-puerta-de\" src=\"http:\/\/www.elsindical.com.ar\/notas\/var\/www\/html\/notas\/wp-content\/uploads\/2010\/05\/Norberto-Oyarbide-puerta-de.jpg\" alt=\"\" width=\"283\" height=\"219\" \/><\/a>El juez federal requiri\u00f3 a la Jefatura de Gabinete porte\u00f1a que <strong>le remita en 24 horas <\/strong>un informe <strong>sobre los tel\u00e9fonos fijos y\u00a0celulares <\/strong>usados por el jefe de Gobierno de la Ciudad,<strong> <\/strong>est\u00e9n o no\u00a0a su nombre. Busca contactos con James y Palacios.<\/em><\/p>\n<p id=\"cuerpoNota\" style=\"text-align: justify;\">El detalle deber\u00e1 incluir los tel\u00e9fonos usados por Macri desde que asumi\u00f3 en la Jefatura de Gobierno de la Ciudad, informaron <a href=\"http:\/\/ads.us.e-planning.net\/ei\/3\/33c6\/4307fb49bcc4a64d?rnd=0.6892774070914182&amp;pb=f9cc471685574c3c&amp;fi=cda55ab11c810406&amp;kw=fuentes\">fuentes<\/a> judiciales.<\/p>\n<p><strong>Adem\u00e1s, el magistrado hizo la misma solicitud al Congreso Nacional para que remita los n\u00fameros telef\u00f3nicos asignados a Macri cuando fue legislador nacional. <\/strong><\/p>\n<p>El viernes \u00faltimo Oyarbide proces\u00f3 a Macri sin prisi\u00f3n preventiva como supuesto miembro de una asociaci\u00f3n il\u00edcita que realizaba escuchas telef\u00f3nicas ilegales.<\/p>\n<p><strong>De manera puntual, el jefe de Gobierno qued\u00f3 acusado en dos casos, los de su cu\u00f1ado N\u00e9stor Leonardo y el familiar de v\u00edctimas del atentado a la AMIA Sergio Burstein.<\/strong><\/p>\n<p>Este fallo ser\u00e1 apelado en los pr\u00f3ximos d\u00edas ante la <a href=\"http:\/\/ads.us.e-planning.net\/ei\/3\/33c6\/4307fb49bcc4a64d?rnd=0.6892774070914182&amp;pb=e2bbba74fc8cb001&amp;fi=cda55ab11c810406&amp;kw=c\u00e1mara\">C\u00e1mara<\/a> Federal porte\u00f1a.<\/p>\n<p><strong>Pero el magistrado contin\u00faa la investigaci\u00f3n para determinar desde cu\u00e1ndo se realizaban las escuchas y para ello quiere ver si Macri se comunicaba con otros imputados en la causa cuando era legislador y luego, en su rol de jefe de Gobierno.<br \/>\n<\/strong><br \/>\nEn la causa est\u00e1 procesado y detenido el ex jefe de la Polic\u00eda Metropolitana del macrismo, Jorge \u00abFino\u00bb Palacios y fue citado a indagatoria su sucesor en la fuerza, Osvaldo Chamorro.<\/p>\n","protected":false},"excerpt":{"rendered":"<p>El juez federal requiri\u00f3 a la Jefatura de Gabinete porte\u00f1a que le remita en 24 horas un informe sobre los tel\u00e9fonos fijos y\u00a0celulares usados por el jefe de Gobierno de la Ciudad, est\u00e9n o no\u00a0a su nombre. Busca contactos con James y Palacios. El detalle deber\u00e1 incluir los tel\u00e9fonos usados por Macri desde que asumi\u00f3&hellip;<\/p>\n","protected":false},"author":1,"featured_media":0,"comment_status":"open","ping_status":"open","sticky":false,"template":"","format":"standard","meta":{"footnotes":""},"categories":[20],"tags":[624,549,1011,968,76,2227],"class_list":["post-6683","post","type-post","status-publish","format-standard","hentry","category-judiciales","tag-celulares","tag-ciro-gerardo-james","tag-gobierno-de-la-ciudad","tag-jorge-fino-palacios","tag-mauricio-macri","tag-telefonos"],"_links":{"self":[{"href":"https:\/\/www.elsindical.com.ar\/notas\/wp-json\/wp\/v2\/posts\/6683","targetHints":{"allow":["GET"]}}],"collection":[{"href":"https:\/\/www.elsindical.com.ar\/notas\/wp-json\/wp\/v2\/posts"}],"about":[{"href":"https:\/\/www.elsindical.com.ar\/notas\/wp-json\/wp\/v2\/types\/post"}],"author":[{"embeddable":true,"href":"https:\/\/www.elsindical.com.ar\/notas\/wp-json\/wp\/v2\/users\/1"}],"replies":[{"embeddable":true,"href":"https:\/\/www.elsindical.com.ar\/notas\/wp-json\/wp\/v2\/comments?post=6683"}],"version-history":[{"count":2,"href":"https:\/\/www.elsindical.com.ar\/notas\/wp-json\/wp\/v2\/posts\/6683\/revisions"}],"predecessor-version":[{"id":6686,"href":"https:\/\/www.elsindical.com.ar\/notas\/wp-json\/wp\/v2\/posts\/6683\/revisions\/6686"}],"wp:attachment":[{"href":"https:\/\/www.elsindical.com.ar\/notas\/wp-json\/wp\/v2\/media?parent=6683"}],"wp:term":[{"taxonomy":"category","embeddable":true,"href":"https:\/\/www.elsindical.com.ar\/notas\/wp-json\/wp\/v2\/categories?post=6683"},{"taxonomy":"post_tag","embeddable":true,"href":"https:\/\/www.elsindical.com.ar\/notas\/wp-json\/wp\/v2\/tags?post=6683"}],"curies":[{"name":"wp","href":"https:\/\/api.w.org\/{rel}","templated":true}]}}