{"id":66728,"date":"2017-04-02T10:52:58","date_gmt":"2017-04-02T13:52:58","guid":{"rendered":"http:\/\/www.elsindical.com.ar\/notas\/?p=66728"},"modified":"2017-04-02T10:52:58","modified_gmt":"2017-04-02T13:52:58","slug":"desde-manana-el-boletin-oficial-sera-solo-digital","status":"publish","type":"post","link":"https:\/\/www.elsindical.com.ar\/notas\/desde-manana-el-boletin-oficial-sera-solo-digital\/","title":{"rendered":"Desde ma\u00f1ana, el Bolet\u00edn Oficial ser\u00e1 s\u00f3lo digital"},"content":{"rendered":"<p><em>\u00a0 <a href=\"http:\/\/www.elsindical.com.ar\/notas\/var\/www\/html\/notas\/wp-content\/uploads\/2017\/04\/Bolet\u00edn-Oficial.jpg\"><img loading=\"lazy\" decoding=\"async\" class=\"alignnone size-medium wp-image-66730\" src=\"http:\/\/www.elsindical.com.ar\/notas\/var\/www\/html\/notas\/wp-content\/uploads\/2017\/04\/Bolet\u00edn-Oficial-238x300.jpg\" alt=\"\" width=\"238\" height=\"300\" srcset=\"https:\/\/www.elsindical.com.ar\/notas\/var\/www\/html\/notas\/wp-content\/uploads\/2017\/04\/Bolet\u00edn-Oficial-238x300.jpg 238w, https:\/\/www.elsindical.com.ar\/notas\/var\/www\/html\/notas\/wp-content\/uploads\/2017\/04\/Bolet\u00edn-Oficial.jpg 600w\" sizes=\"auto, (max-width: 238px) 100vw, 238px\" \/><\/a>Estar\u00e1 disponible en su sitio web de forma gratuita.<\/em><\/p>\n<p>A partir de ma\u00f1ana el Bolet\u00edn oficial dejar\u00e1 de emitir su versi\u00f3n papel y pasar\u00e1 a ser exclusivamente digital. Los usuarios podr\u00e1n acceder de forma gratuita a trav\u00e9s de su sitio web o por la aplicaci\u00f3n para celulares.<\/p>\n<p>Con el cambio, se busca eliminar los costos de impresi\u00f3n y distribuci\u00f3n, adem\u00e1s de evitar el uso de papel.<\/p>\n<p>\u00abEl Bolet\u00edn Oficial web hace m\u00e1s eficaz la labor de la Administraci\u00f3n P\u00fablica. Es gratuito, accesible, transparente. Se puede publicar toda la informaci\u00f3n, sirve para hacer an\u00e1lisis de datos y se le puede poner inteligencia y b\u00fasqueda\u00bb, se\u00f1al\u00f3 Pablo Clusellas, Secretario Legal y T\u00e9cnico de la Naci\u00f3n.<\/p>\n<p>La versi\u00f3n papel comenz\u00f3 a emitirse en 1810 en La Gaceta y desde 1983 con el formato conocido hasta ahora. El viernes 31 de marzo se distribuy\u00f3 la \u00faltima edici\u00f3n impresa.<\/p>\n<p>Desde la p\u00e1gina web, los usuarios pueden acceder a la versi\u00f3n del d\u00eda y a cualquier edici\u00f3n anterior de toda su historia.<\/p>\n<p><a href=\"http:\/\/www.elsindical.com.ar\/notas\/var\/www\/html\/notas\/wp-content\/uploads\/2017\/04\/La-Gaceta-oficial.jpg\"><img loading=\"lazy\" decoding=\"async\" class=\"alignnone size-medium wp-image-66729\" src=\"http:\/\/www.elsindical.com.ar\/notas\/var\/www\/html\/notas\/wp-content\/uploads\/2017\/04\/La-Gaceta-oficial-203x300.jpg\" alt=\"\" width=\"203\" height=\"300\" srcset=\"https:\/\/www.elsindical.com.ar\/notas\/var\/www\/html\/notas\/wp-content\/uploads\/2017\/04\/La-Gaceta-oficial-203x300.jpg 203w, https:\/\/www.elsindical.com.ar\/notas\/var\/www\/html\/notas\/wp-content\/uploads\/2017\/04\/La-Gaceta-oficial.jpg 600w\" sizes=\"auto, (max-width: 203px) 100vw, 203px\" \/><\/a><\/p>\n","protected":false},"excerpt":{"rendered":"<p>\u00a0 Estar\u00e1 disponible en su sitio web de forma gratuita. A partir de ma\u00f1ana el Bolet\u00edn oficial dejar\u00e1 de emitir su versi\u00f3n papel y pasar\u00e1 a ser exclusivamente digital. Los usuarios podr\u00e1n acceder de forma gratuita a trav\u00e9s de su sitio web o por la aplicaci\u00f3n para celulares. Con el cambio, se busca eliminar los&hellip;<\/p>\n","protected":false},"author":1,"featured_media":0,"comment_status":"open","ping_status":"open","sticky":false,"template":"","format":"standard","meta":{"footnotes":""},"categories":[13],"tags":[1295,25629,815,25630],"class_list":["post-66728","post","type-post","status-publish","format-standard","hentry","category-politica","tag-boletin-oficial","tag-impresion-en-papel","tag-online","tag-publicacion"],"_links":{"self":[{"href":"https:\/\/www.elsindical.com.ar\/notas\/wp-json\/wp\/v2\/posts\/66728","targetHints":{"allow":["GET"]}}],"collection":[{"href":"https:\/\/www.elsindical.com.ar\/notas\/wp-json\/wp\/v2\/posts"}],"about":[{"href":"https:\/\/www.elsindical.com.ar\/notas\/wp-json\/wp\/v2\/types\/post"}],"author":[{"embeddable":true,"href":"https:\/\/www.elsindical.com.ar\/notas\/wp-json\/wp\/v2\/users\/1"}],"replies":[{"embeddable":true,"href":"https:\/\/www.elsindical.com.ar\/notas\/wp-json\/wp\/v2\/comments?post=66728"}],"version-history":[{"count":1,"href":"https:\/\/www.elsindical.com.ar\/notas\/wp-json\/wp\/v2\/posts\/66728\/revisions"}],"predecessor-version":[{"id":66731,"href":"https:\/\/www.elsindical.com.ar\/notas\/wp-json\/wp\/v2\/posts\/66728\/revisions\/66731"}],"wp:attachment":[{"href":"https:\/\/www.elsindical.com.ar\/notas\/wp-json\/wp\/v2\/media?parent=66728"}],"wp:term":[{"taxonomy":"category","embeddable":true,"href":"https:\/\/www.elsindical.com.ar\/notas\/wp-json\/wp\/v2\/categories?post=66728"},{"taxonomy":"post_tag","embeddable":true,"href":"https:\/\/www.elsindical.com.ar\/notas\/wp-json\/wp\/v2\/tags?post=66728"}],"curies":[{"name":"wp","href":"https:\/\/api.w.org\/{rel}","templated":true}]}}