{"id":66661,"date":"2017-03-30T20:51:20","date_gmt":"2017-03-30T23:51:20","guid":{"rendered":"http:\/\/www.elsindical.com.ar\/notas\/?p=66661"},"modified":"2017-03-30T20:51:20","modified_gmt":"2017-03-30T23:51:20","slug":"avellaneda-vecinos-de-pineiro-marcharon-reclamando-seguridad","status":"publish","type":"post","link":"https:\/\/www.elsindical.com.ar\/notas\/avellaneda-vecinos-de-pineiro-marcharon-reclamando-seguridad\/","title":{"rendered":"Avellaneda: Vecinos de Pi\u00f1eiro marcharon reclamando seguridad"},"content":{"rendered":"<p><a href=\"http:\/\/www.elsindical.com.ar\/notas\/var\/www\/html\/notas\/wp-content\/uploads\/2017\/03\/marcha-vecinos-Pi\u00f1eiro-01.jpg\"><img loading=\"lazy\" decoding=\"async\" class=\"alignnone size-medium wp-image-66663\" src=\"http:\/\/www.elsindical.com.ar\/notas\/var\/www\/html\/notas\/wp-content\/uploads\/2017\/03\/marcha-vecinos-Pi\u00f1eiro-01-300x225.jpg\" alt=\"\" width=\"300\" height=\"225\" srcset=\"https:\/\/www.elsindical.com.ar\/notas\/var\/www\/html\/notas\/wp-content\/uploads\/2017\/03\/marcha-vecinos-Pi\u00f1eiro-01-300x225.jpg 300w, https:\/\/www.elsindical.com.ar\/notas\/var\/www\/html\/notas\/wp-content\/uploads\/2017\/03\/marcha-vecinos-Pi\u00f1eiro-01-400x300.jpg 400w, https:\/\/www.elsindical.com.ar\/notas\/var\/www\/html\/notas\/wp-content\/uploads\/2017\/03\/marcha-vecinos-Pi\u00f1eiro-01.jpg 620w\" sizes=\"auto, (max-width: 300px) 100vw, 300px\" \/><\/a>Luego de una serie de denuncias en las redes sociales, que generaron una catarata de posteos que inclu\u00edan archivos de audio alertando por autos merodeando las escuelas y la publicaci\u00f3n de fotos err\u00f3neas de presuntos sospechosos que podr\u00edan haber causado que un inocente resultara v\u00edctima del enojo de los vecinos, finalmente pasadas las 18:00 hs, los vecinos se reunieron en la intersecci\u00f3n de las Avenidas Pav\u00f3n y Galicia.<\/p>\n<p>No participo la menor Paula que origin\u00f3 la movilizaci\u00f3n por las redes y que denunci\u00f3 estar siendo v\u00edctima de acoso por parte de dos sujetos, ya que seg\u00fan amigas de ella expresaron antes de la marcha que la polic\u00eda no se lo recomend\u00f3 por tratarse de una menor de edad y la alta exposici\u00f3n que implicar\u00eda para ella.<\/p>\n<p>Como suele ocurrir marcharon muchos menos de los que participaron de la difusi\u00f3n del tema por las redes sociales y unas 50 personas marcharon por la Av. Galicia en direcci\u00f3n a su intersecci\u00f3n con la Av. Rivadavia donde se manifestaron por unos minutos, no hubo conferencia, solo repet\u00edan que quer\u00edan m\u00e1s seguridad.<\/p>\n<p>Se confirm\u00f3 que ante la falta de denuncia de los padres de la menor, la polic\u00eda actu\u00f3 de oficio y que la comisar\u00eda 2da se encuentra trabajando en el caso.<\/p>\n<p><a href=\"http:\/\/www.elsindical.com.ar\/notas\/var\/www\/html\/notas\/wp-content\/uploads\/2017\/03\/marcha-vecinos-Pi\u00f1eiro-02.jpg\"><img loading=\"lazy\" decoding=\"async\" class=\"alignnone size-medium wp-image-66662\" src=\"http:\/\/www.elsindical.com.ar\/notas\/var\/www\/html\/notas\/wp-content\/uploads\/2017\/03\/marcha-vecinos-Pi\u00f1eiro-02-300x225.jpg\" alt=\"\" width=\"300\" height=\"225\" srcset=\"https:\/\/www.elsindical.com.ar\/notas\/var\/www\/html\/notas\/wp-content\/uploads\/2017\/03\/marcha-vecinos-Pi\u00f1eiro-02-300x225.jpg 300w, https:\/\/www.elsindical.com.ar\/notas\/var\/www\/html\/notas\/wp-content\/uploads\/2017\/03\/marcha-vecinos-Pi\u00f1eiro-02-400x300.jpg 400w, https:\/\/www.elsindical.com.ar\/notas\/var\/www\/html\/notas\/wp-content\/uploads\/2017\/03\/marcha-vecinos-Pi\u00f1eiro-02.jpg 620w\" sizes=\"auto, (max-width: 300px) 100vw, 300px\" \/><\/a><\/p>\n<p><iframe loading=\"lazy\" src=\"https:\/\/www.youtube.com\/embed\/_JSKk9-m9xQ\" width=\"580\" height=\"420\" frameborder=\"0\" allowfullscreen=\"allowfullscreen\"><\/iframe><\/p>\n","protected":false},"excerpt":{"rendered":"<p>Luego de una serie de denuncias en las redes sociales, que generaron una catarata de posteos que inclu\u00edan archivos de audio alertando por autos merodeando las escuelas y la publicaci\u00f3n de fotos err\u00f3neas de presuntos sospechosos que podr\u00edan haber causado que un inocente resultara v\u00edctima del enojo de los vecinos, finalmente pasadas las 18:00 hs,&hellip;<\/p>\n","protected":false},"author":1,"featured_media":0,"comment_status":"open","ping_status":"open","sticky":false,"template":"","format":"standard","meta":{"footnotes":""},"categories":[25],"tags":[461,984,156,17982,30,22032,986],"class_list":["post-66661","post","type-post","status-publish","format-standard","hentry","category-sociedad","tag-avellaneda","tag-inseguridad","tag-marcha","tag-pineiro","tag-policia","tag-sociedad","tag-vecinos"],"_links":{"self":[{"href":"https:\/\/www.elsindical.com.ar\/notas\/wp-json\/wp\/v2\/posts\/66661","targetHints":{"allow":["GET"]}}],"collection":[{"href":"https:\/\/www.elsindical.com.ar\/notas\/wp-json\/wp\/v2\/posts"}],"about":[{"href":"https:\/\/www.elsindical.com.ar\/notas\/wp-json\/wp\/v2\/types\/post"}],"author":[{"embeddable":true,"href":"https:\/\/www.elsindical.com.ar\/notas\/wp-json\/wp\/v2\/users\/1"}],"replies":[{"embeddable":true,"href":"https:\/\/www.elsindical.com.ar\/notas\/wp-json\/wp\/v2\/comments?post=66661"}],"version-history":[{"count":1,"href":"https:\/\/www.elsindical.com.ar\/notas\/wp-json\/wp\/v2\/posts\/66661\/revisions"}],"predecessor-version":[{"id":66664,"href":"https:\/\/www.elsindical.com.ar\/notas\/wp-json\/wp\/v2\/posts\/66661\/revisions\/66664"}],"wp:attachment":[{"href":"https:\/\/www.elsindical.com.ar\/notas\/wp-json\/wp\/v2\/media?parent=66661"}],"wp:term":[{"taxonomy":"category","embeddable":true,"href":"https:\/\/www.elsindical.com.ar\/notas\/wp-json\/wp\/v2\/categories?post=66661"},{"taxonomy":"post_tag","embeddable":true,"href":"https:\/\/www.elsindical.com.ar\/notas\/wp-json\/wp\/v2\/tags?post=66661"}],"curies":[{"name":"wp","href":"https:\/\/api.w.org\/{rel}","templated":true}]}}